{"id":6110,"date":"2022-02-22T13:54:43","date_gmt":"2022-02-22T12:54:43","guid":{"rendered":"https:\/\/agora.xtec.cat\/escoladetermens\/?p=6110"},"modified":"2022-02-22T14:01:20","modified_gmt":"2022-02-22T13:01:20","slug":"cami-sensorial","status":"publish","type":"post","link":"https:\/\/agora.xtec.cat\/escoladetermens\/portada\/cami-sensorial\/","title":{"rendered":"Cam\u00ed sensorial"},"content":{"rendered":"<p>A la classe d&#8217;educaci\u00f3 f\u00edsica hem fet un cam\u00ed sensorial. Ha estat molt gratificant veure com els infants gaudien trepitjant descal\u00e7os i tocant amb les mans diferents materials, alguns m\u00e9s fins, altres m\u00e9s rugosos, suaus, durs, &#8230; aix\u00f2 de tapar-nos els ulls i experimentar i sentir ens encanta!<\/p>\n<p><a href=\"https:\/\/photos.app.goo.gl\/gt3zw6uabpraK1QRA\"><img loading=\"lazy\" decoding=\"async\" class=\"alignnone size-large wp-image-6111\" src=\"https:\/\/agora.xtec.cat\/escoladetermens\/wp-content\/uploads\/usu1845\/2022\/02\/IMG_20220215_152856-768x1024.jpg\" alt=\"\" width=\"768\" height=\"1024\" srcset=\"https:\/\/agora.xtec.cat\/escoladetermens\/wp-content\/uploads\/usu1845\/2022\/02\/IMG_20220215_152856-768x1024.jpg 768w, https:\/\/agora.xtec.cat\/escoladetermens\/wp-content\/uploads\/usu1845\/2022\/02\/IMG_20220215_152856-225x300.jpg 225w, https:\/\/agora.xtec.cat\/escoladetermens\/wp-content\/uploads\/usu1845\/2022\/02\/IMG_20220215_152856-1152x1536.jpg 1152w, https:\/\/agora.xtec.cat\/escoladetermens\/wp-content\/uploads\/usu1845\/2022\/02\/IMG_20220215_152856.jpg 1200w\" sizes=\"auto, (max-width: 768px) 100vw, 768px\" \/><\/a><\/p>\n<p>&nbsp;<\/p>\n","protected":false},"excerpt":{"rendered":"<p>A la classe d&#8217;educaci\u00f3 f\u00edsica hem fet un cam\u00ed sensorial. Ha estat molt gratificant veure com els infants gaudien trepitjant descal\u00e7os i tocant amb les mans diferents materials, alguns m\u00e9s fins, altres m\u00e9s rugosos, suaus, durs, &#8230; aix\u00f2 de tapar-nos els ulls i experimentar i&hellip;  <a href=\"https:\/\/agora.xtec.cat\/escoladetermens\/portada\/cami-sensorial\/\" title=\"Read Cam\u00ed sensorial\">Llegeix m\u00e9s\u00bb<\/a><\/p>\n","protected":false},"author":1,"featured_media":6111,"comment_status":"open","ping_status":"closed","sticky":false,"template":"","format":"standard","meta":{"_bbp_topic_count":0,"_bbp_reply_count":0,"_bbp_total_topic_count":0,"_bbp_total_reply_count":0,"_bbp_voice_count":0,"_bbp_anonymous_reply_count":0,"_bbp_topic_count_hidden":0,"_bbp_reply_count_hidden":0,"_bbp_forum_subforum_count":0,"footnotes":""},"categories":[10,11,12,83,4],"tags":[],"class_list":["post-6110","post","type-post","status-publish","format-standard","has-post-thumbnail","hentry","category-2n","category-3r","category-4t","category-ed-fisica","category-portada"],"post_mailing_queue_ids":[],"_links":{"self":[{"href":"https:\/\/agora.xtec.cat\/escoladetermens\/wp-json\/wp\/v2\/posts\/6110","targetHints":{"allow":["GET"]}}],"collection":[{"href":"https:\/\/agora.xtec.cat\/escoladetermens\/wp-json\/wp\/v2\/posts"}],"about":[{"href":"https:\/\/agora.xtec.cat\/escoladetermens\/wp-json\/wp\/v2\/types\/post"}],"author":[{"embeddable":true,"href":"https:\/\/agora.xtec.cat\/escoladetermens\/wp-json\/wp\/v2\/users\/1"}],"replies":[{"embeddable":true,"href":"https:\/\/agora.xtec.cat\/escoladetermens\/wp-json\/wp\/v2\/comments?post=6110"}],"version-history":[{"count":2,"href":"https:\/\/agora.xtec.cat\/escoladetermens\/wp-json\/wp\/v2\/posts\/6110\/revisions"}],"predecessor-version":[{"id":6115,"href":"https:\/\/agora.xtec.cat\/escoladetermens\/wp-json\/wp\/v2\/posts\/6110\/revisions\/6115"}],"wp:featuredmedia":[{"embeddable":true,"href":"https:\/\/agora.xtec.cat\/escoladetermens\/wp-json\/wp\/v2\/media\/6111"}],"wp:attachment":[{"href":"https:\/\/agora.xtec.cat\/escoladetermens\/wp-json\/wp\/v2\/media?parent=6110"}],"wp:term":[{"taxonomy":"category","embeddable":true,"href":"https:\/\/agora.xtec.cat\/escoladetermens\/wp-json\/wp\/v2\/categories?post=6110"},{"taxonomy":"post_tag","embeddable":true,"href":"https:\/\/agora.xtec.cat\/escoladetermens\/wp-json\/wp\/v2\/tags?post=6110"}],"curies":[{"name":"wp","href":"https:\/\/api.w.org\/{rel}","templated":true}]}}