{"id":5951,"date":"2021-12-03T15:08:19","date_gmt":"2021-12-03T14:08:19","guid":{"rendered":"https:\/\/agora.xtec.cat\/escoladetermens\/?p=5951"},"modified":"2021-12-03T15:08:19","modified_gmt":"2021-12-03T14:08:19","slug":"radio-debat-sise","status":"publish","type":"post","link":"https:\/\/agora.xtec.cat\/escoladetermens\/general\/radio-debat-sise\/","title":{"rendered":"R\u00c0DIO DEBAT SIS\u00c8."},"content":{"rendered":"<p>Avui hem realitzat el programa de r\u00e0dio, amb els tres \u00fanics locutors que tenim a la classe de sis\u00e8!<\/p>\n<p><strong> El Mon, el LLuc\u00a0 i l&#8217;Ariadna.\u00a0<\/strong><\/p>\n<p>Hem dialogat sobre si<strong> \u00e9s millor fer classes a l&#8217;escola o a casa on-line.<\/strong><\/p>\n<p><iframe loading=\"lazy\" title=\"Confinament Ariadna, Lluc I Mon by Escola Alfred Potrony\" width=\"500\" height=\"400\" scrolling=\"no\" frameborder=\"no\" src=\"https:\/\/w.soundcloud.com\/player\/?visual=true&#038;url=https%3A%2F%2Fapi.soundcloud.com%2Ftracks%2F1171288618&#038;show_artwork=true&#038;maxheight=750&#038;maxwidth=500&#038;secret_token=s-OKehrk0NDPq\"><\/iframe><\/p>\n<p>&nbsp;<\/p>\n","protected":false},"excerpt":{"rendered":"<p>Avui hem realitzat el programa de r\u00e0dio, amb els tres \u00fanics locutors que tenim a la classe de sis\u00e8!<br \/>\n El Mon, el LLuc\u00a0 i l&#8217;Ariadna.\u00a0<br \/>\nHem dialogat sobre si \u00e9s millor fer classes a l&#8217;escola o a casa on-line.<\/p>\n<p>&nbsp;<\/p>\n","protected":false},"author":12,"featured_media":0,"comment_status":"open","ping_status":"closed","sticky":false,"template":"","format":"standard","meta":{"_bbp_topic_count":0,"_bbp_reply_count":0,"_bbp_total_topic_count":0,"_bbp_total_reply_count":0,"_bbp_voice_count":0,"_bbp_anonymous_reply_count":0,"_bbp_topic_count_hidden":0,"_bbp_reply_count_hidden":0,"_bbp_forum_subforum_count":0,"footnotes":""},"categories":[15,108,1,4,5],"tags":[],"class_list":["post-5951","post","type-post","status-publish","format-standard","hentry","category-6e","category-aula-carles-capdevila","category-general","category-portada","category-primaria"],"post_mailing_queue_ids":[],"_links":{"self":[{"href":"https:\/\/agora.xtec.cat\/escoladetermens\/wp-json\/wp\/v2\/posts\/5951","targetHints":{"allow":["GET"]}}],"collection":[{"href":"https:\/\/agora.xtec.cat\/escoladetermens\/wp-json\/wp\/v2\/posts"}],"about":[{"href":"https:\/\/agora.xtec.cat\/escoladetermens\/wp-json\/wp\/v2\/types\/post"}],"author":[{"embeddable":true,"href":"https:\/\/agora.xtec.cat\/escoladetermens\/wp-json\/wp\/v2\/users\/12"}],"replies":[{"embeddable":true,"href":"https:\/\/agora.xtec.cat\/escoladetermens\/wp-json\/wp\/v2\/comments?post=5951"}],"version-history":[{"count":3,"href":"https:\/\/agora.xtec.cat\/escoladetermens\/wp-json\/wp\/v2\/posts\/5951\/revisions"}],"predecessor-version":[{"id":5954,"href":"https:\/\/agora.xtec.cat\/escoladetermens\/wp-json\/wp\/v2\/posts\/5951\/revisions\/5954"}],"wp:attachment":[{"href":"https:\/\/agora.xtec.cat\/escoladetermens\/wp-json\/wp\/v2\/media?parent=5951"}],"wp:term":[{"taxonomy":"category","embeddable":true,"href":"https:\/\/agora.xtec.cat\/escoladetermens\/wp-json\/wp\/v2\/categories?post=5951"},{"taxonomy":"post_tag","embeddable":true,"href":"https:\/\/agora.xtec.cat\/escoladetermens\/wp-json\/wp\/v2\/tags?post=5951"}],"curies":[{"name":"wp","href":"https:\/\/api.w.org\/{rel}","templated":true}]}}