{"id":5942,"date":"2021-12-01T16:11:12","date_gmt":"2021-12-01T15:11:12","guid":{"rendered":"https:\/\/agora.xtec.cat\/escoladetermens\/?p=5942"},"modified":"2021-12-02T09:50:01","modified_gmt":"2021-12-02T08:50:01","slug":"gimcana-super-divertida","status":"publish","type":"post","link":"https:\/\/agora.xtec.cat\/escoladetermens\/general\/gimcana-super-divertida\/","title":{"rendered":"Gimcana s\u00faper divertida!"},"content":{"rendered":"<p>Els i les alumnes de sis\u00e8 han preparat unes gimcanes s\u00faper divertides. i amb elles hem apr\u00e8s a treballar en equip, organitzar-nos i dissenyar proves creatives i ben divertides. Tota una experi\u00e8ncia! A veure si ens animem i en preparem una per tota l&#8217;escola \ud83d\ude09<\/p>\n<p><a href=\"https:\/\/photos.app.goo.gl\/Rc2n2B5VEh2QeqDe7\"><img loading=\"lazy\" decoding=\"async\" class=\"alignnone size-large wp-image-5943\" src=\"https:\/\/agora.xtec.cat\/escoladetermens\/wp-content\/uploads\/usu1845\/2021\/12\/IMG_20211125_122947-1024x768.jpg\" alt=\"\" width=\"1024\" height=\"768\" srcset=\"https:\/\/agora.xtec.cat\/escoladetermens\/wp-content\/uploads\/usu1845\/2021\/12\/IMG_20211125_122947-1024x768.jpg 1024w, https:\/\/agora.xtec.cat\/escoladetermens\/wp-content\/uploads\/usu1845\/2021\/12\/IMG_20211125_122947-300x225.jpg 300w, https:\/\/agora.xtec.cat\/escoladetermens\/wp-content\/uploads\/usu1845\/2021\/12\/IMG_20211125_122947-768x576.jpg 768w, https:\/\/agora.xtec.cat\/escoladetermens\/wp-content\/uploads\/usu1845\/2021\/12\/IMG_20211125_122947-1536x1152.jpg 1536w, https:\/\/agora.xtec.cat\/escoladetermens\/wp-content\/uploads\/usu1845\/2021\/12\/IMG_20211125_122947-200x150.jpg 200w, https:\/\/agora.xtec.cat\/escoladetermens\/wp-content\/uploads\/usu1845\/2021\/12\/IMG_20211125_122947.jpg 1600w\" sizes=\"auto, (max-width: 1024px) 100vw, 1024px\" \/><\/a><\/p>\n","protected":false},"excerpt":{"rendered":"<p>Els i les alumnes de sis\u00e8 han preparat unes gimcanes s\u00faper divertides. i amb elles hem apr\u00e8s a treballar en equip, organitzar-nos i dissenyar proves creatives i ben divertides. Tota una experi\u00e8ncia! A veure si ens animem i en preparem una per tota l&#8217;escola \ud83d\ude09<br \/>\n<a&hellip;  <a href=\"https:\/\/agora.xtec.cat\/escoladetermens\/general\/gimcana-super-divertida\/\" title=\"Read Gimcana s\u00faper divertida!\">Llegeix m\u00e9s\u00bb<\/a><\/p>\n","protected":false},"author":1,"featured_media":0,"comment_status":"open","ping_status":"closed","sticky":false,"template":"","format":"standard","meta":{"_bbp_topic_count":0,"_bbp_reply_count":0,"_bbp_total_topic_count":0,"_bbp_total_reply_count":0,"_bbp_voice_count":0,"_bbp_anonymous_reply_count":0,"_bbp_topic_count_hidden":0,"_bbp_reply_count_hidden":0,"_bbp_forum_subforum_count":0,"footnotes":""},"categories":[15,83,1,4,5],"tags":[332],"class_list":["post-5942","post","type-post","status-publish","format-standard","hentry","category-6e","category-ed-fisica","category-general","category-portada","category-primaria","tag-educacio-fisica"],"post_mailing_queue_ids":[],"_links":{"self":[{"href":"https:\/\/agora.xtec.cat\/escoladetermens\/wp-json\/wp\/v2\/posts\/5942","targetHints":{"allow":["GET"]}}],"collection":[{"href":"https:\/\/agora.xtec.cat\/escoladetermens\/wp-json\/wp\/v2\/posts"}],"about":[{"href":"https:\/\/agora.xtec.cat\/escoladetermens\/wp-json\/wp\/v2\/types\/post"}],"author":[{"embeddable":true,"href":"https:\/\/agora.xtec.cat\/escoladetermens\/wp-json\/wp\/v2\/users\/1"}],"replies":[{"embeddable":true,"href":"https:\/\/agora.xtec.cat\/escoladetermens\/wp-json\/wp\/v2\/comments?post=5942"}],"version-history":[{"count":1,"href":"https:\/\/agora.xtec.cat\/escoladetermens\/wp-json\/wp\/v2\/posts\/5942\/revisions"}],"predecessor-version":[{"id":5944,"href":"https:\/\/agora.xtec.cat\/escoladetermens\/wp-json\/wp\/v2\/posts\/5942\/revisions\/5944"}],"wp:attachment":[{"href":"https:\/\/agora.xtec.cat\/escoladetermens\/wp-json\/wp\/v2\/media?parent=5942"}],"wp:term":[{"taxonomy":"category","embeddable":true,"href":"https:\/\/agora.xtec.cat\/escoladetermens\/wp-json\/wp\/v2\/categories?post=5942"},{"taxonomy":"post_tag","embeddable":true,"href":"https:\/\/agora.xtec.cat\/escoladetermens\/wp-json\/wp\/v2\/tags?post=5942"}],"curies":[{"name":"wp","href":"https:\/\/api.w.org\/{rel}","templated":true}]}}