{"id":5717,"date":"2021-10-13T17:27:28","date_gmt":"2021-10-13T15:27:28","guid":{"rendered":"https:\/\/agora.xtec.cat\/escoladetermens\/?p=5717"},"modified":"2021-10-13T17:34:37","modified_gmt":"2021-10-13T15:34:37","slug":"posat-la-gorra","status":"publish","type":"post","link":"https:\/\/agora.xtec.cat\/escoladetermens\/portada\/posat-la-gorra\/","title":{"rendered":"POSA&#8217;T LA GORRA ! ! !"},"content":{"rendered":"<p>Aquest passat cap de setmana es va cel\u00b7lebrar\u00a0 <strong>POSA&#8217;T LA GORRA<\/strong> a Balaguer. Els alumnes de C.Inicial, C.Mitj\u00e0 i C.Superior van participar amb l&#8217;elaboraci\u00f3 d&#8217;uns p\u00f2sters i m\u00f2bils.<\/p>\n<p style=\"text-align: center;\"><a href=\"https:\/\/agora.xtec.cat\/escoladetermens\/wp-content\/uploads\/usu1845\/2021\/10\/Historia-de-Instagram-Pelicula-Polaroid-Rosa-y-Negro-Femenino-1.jpg\"><img loading=\"lazy\" decoding=\"async\" class=\"alignnone size-large wp-image-5720\" src=\"https:\/\/agora.xtec.cat\/escoladetermens\/wp-content\/uploads\/usu1845\/2021\/10\/Historia-de-Instagram-Pelicula-Polaroid-Rosa-y-Negro-Femenino-1-576x1024.jpg\" alt=\"\" width=\"576\" height=\"1024\" srcset=\"https:\/\/agora.xtec.cat\/escoladetermens\/wp-content\/uploads\/usu1845\/2021\/10\/Historia-de-Instagram-Pelicula-Polaroid-Rosa-y-Negro-Femenino-1-576x1024.jpg 576w, https:\/\/agora.xtec.cat\/escoladetermens\/wp-content\/uploads\/usu1845\/2021\/10\/Historia-de-Instagram-Pelicula-Polaroid-Rosa-y-Negro-Femenino-1-169x300.jpg 169w, https:\/\/agora.xtec.cat\/escoladetermens\/wp-content\/uploads\/usu1845\/2021\/10\/Historia-de-Instagram-Pelicula-Polaroid-Rosa-y-Negro-Femenino-1-768x1365.jpg 768w, https:\/\/agora.xtec.cat\/escoladetermens\/wp-content\/uploads\/usu1845\/2021\/10\/Historia-de-Instagram-Pelicula-Polaroid-Rosa-y-Negro-Femenino-1-864x1536.jpg 864w, https:\/\/agora.xtec.cat\/escoladetermens\/wp-content\/uploads\/usu1845\/2021\/10\/Historia-de-Instagram-Pelicula-Polaroid-Rosa-y-Negro-Femenino-1.jpg 1080w\" sizes=\"auto, (max-width: 576px) 100vw, 576px\" \/><\/a><\/p>\n<p>&nbsp;<\/p>\n","protected":false},"excerpt":{"rendered":"<p>Aquest passat cap de setmana es va cel\u00b7lebrar\u00a0 POSA&#8217;T LA GORRA a Balaguer. Els alumnes de C.Inicial, C.Mitj\u00e0 i C.Superior van participar amb l&#8217;elaboraci\u00f3 d&#8217;uns p\u00f2sters i m\u00f2bils.<br \/>\n<a href=\"https:\/\/agora.xtec.cat\/escoladetermens\/wp-content\/uploads\/usu1845\/2021\/10\/Historia-de-Instagram-Pelicula-Polaroid-Rosa-y-Negro-Femenino-1.jpg\"><\/a><br \/>\n&nbsp;<\/p>\n","protected":false},"author":1,"featured_media":0,"comment_status":"open","ping_status":"closed","sticky":false,"template":"","format":"standard","meta":{"_bbp_topic_count":0,"_bbp_reply_count":0,"_bbp_total_topic_count":0,"_bbp_total_reply_count":0,"_bbp_voice_count":0,"_bbp_anonymous_reply_count":0,"_bbp_topic_count_hidden":0,"_bbp_reply_count_hidden":0,"_bbp_forum_subforum_count":0,"footnotes":""},"categories":[4],"tags":[],"class_list":["post-5717","post","type-post","status-publish","format-standard","hentry","category-portada"],"post_mailing_queue_ids":[],"_links":{"self":[{"href":"https:\/\/agora.xtec.cat\/escoladetermens\/wp-json\/wp\/v2\/posts\/5717","targetHints":{"allow":["GET"]}}],"collection":[{"href":"https:\/\/agora.xtec.cat\/escoladetermens\/wp-json\/wp\/v2\/posts"}],"about":[{"href":"https:\/\/agora.xtec.cat\/escoladetermens\/wp-json\/wp\/v2\/types\/post"}],"author":[{"embeddable":true,"href":"https:\/\/agora.xtec.cat\/escoladetermens\/wp-json\/wp\/v2\/users\/1"}],"replies":[{"embeddable":true,"href":"https:\/\/agora.xtec.cat\/escoladetermens\/wp-json\/wp\/v2\/comments?post=5717"}],"version-history":[{"count":3,"href":"https:\/\/agora.xtec.cat\/escoladetermens\/wp-json\/wp\/v2\/posts\/5717\/revisions"}],"predecessor-version":[{"id":5722,"href":"https:\/\/agora.xtec.cat\/escoladetermens\/wp-json\/wp\/v2\/posts\/5717\/revisions\/5722"}],"wp:attachment":[{"href":"https:\/\/agora.xtec.cat\/escoladetermens\/wp-json\/wp\/v2\/media?parent=5717"}],"wp:term":[{"taxonomy":"category","embeddable":true,"href":"https:\/\/agora.xtec.cat\/escoladetermens\/wp-json\/wp\/v2\/categories?post=5717"},{"taxonomy":"post_tag","embeddable":true,"href":"https:\/\/agora.xtec.cat\/escoladetermens\/wp-json\/wp\/v2\/tags?post=5717"}],"curies":[{"name":"wp","href":"https:\/\/api.w.org\/{rel}","templated":true}]}}