{"id":5696,"date":"2021-10-07T20:45:51","date_gmt":"2021-10-07T18:45:51","guid":{"rendered":"https:\/\/agora.xtec.cat\/escoladetermens\/?p=5696"},"modified":"2021-10-09T13:17:57","modified_gmt":"2021-10-09T11:17:57","slug":"des-de-pujalt-fent-de-mags-meteorolegs","status":"publish","type":"post","link":"https:\/\/agora.xtec.cat\/escoladetermens\/portada\/des-de-pujalt-fent-de-mags-meteorolegs\/","title":{"rendered":"I PUJALT:  Fent de Mags Meteor\u00f2legs!"},"content":{"rendered":"<p style=\"text-align: center;\">El Grup dels Mitjans som a Pujalt i hem provocat fen\u00f2mens meteorol\u00f2gics: N\u00daVOLS, PLUJA, NEU&#8230; , i fins i tot tempesta amb LLAMPS i LLAMPECS!!!<\/p>\n<p style=\"text-align: center;\">Per\u00f2 tamb\u00e9 hem observat\u00a0 el nostre SOL!!!<iframe loading=\"lazy\" src=\"\/\/www.youtube.com\/embed\/TNB8_pR4cDM\" width=\"560\" height=\"314\" allowfullscreen=\"allowfullscreen\"><\/iframe><\/p>\n<p style=\"text-align: center;\"><iframe loading=\"lazy\" src=\"\/\/www.youtube.com\/embed\/zEV-yYwrLME\" width=\"560\" height=\"314\" allowfullscreen=\"allowfullscreen\"><\/iframe><\/p>\n","protected":false},"excerpt":{"rendered":"<p>El Grup dels Mitjans som a Pujalt i hem provocat fen\u00f2mens meteorol\u00f2gics: N\u00daVOLS, PLUJA, NEU&#8230; , i fins i tot tempesta amb LLAMPS i LLAMPECS!!!<br \/>\nPer\u00f2 tamb\u00e9 hem observat\u00a0 el nostre SOL!!!<\/p>\n","protected":false},"author":1,"featured_media":0,"comment_status":"open","ping_status":"closed","sticky":false,"template":"","format":"standard","meta":{"_bbp_topic_count":0,"_bbp_reply_count":0,"_bbp_total_topic_count":0,"_bbp_total_reply_count":0,"_bbp_voice_count":0,"_bbp_anonymous_reply_count":0,"_bbp_topic_count_hidden":0,"_bbp_reply_count_hidden":0,"_bbp_forum_subforum_count":0,"footnotes":""},"categories":[10,11,12,4],"tags":[],"class_list":["post-5696","post","type-post","status-publish","format-standard","hentry","category-2n","category-3r","category-4t","category-portada"],"post_mailing_queue_ids":[],"_links":{"self":[{"href":"https:\/\/agora.xtec.cat\/escoladetermens\/wp-json\/wp\/v2\/posts\/5696","targetHints":{"allow":["GET"]}}],"collection":[{"href":"https:\/\/agora.xtec.cat\/escoladetermens\/wp-json\/wp\/v2\/posts"}],"about":[{"href":"https:\/\/agora.xtec.cat\/escoladetermens\/wp-json\/wp\/v2\/types\/post"}],"author":[{"embeddable":true,"href":"https:\/\/agora.xtec.cat\/escoladetermens\/wp-json\/wp\/v2\/users\/1"}],"replies":[{"embeddable":true,"href":"https:\/\/agora.xtec.cat\/escoladetermens\/wp-json\/wp\/v2\/comments?post=5696"}],"version-history":[{"count":4,"href":"https:\/\/agora.xtec.cat\/escoladetermens\/wp-json\/wp\/v2\/posts\/5696\/revisions"}],"predecessor-version":[{"id":5716,"href":"https:\/\/agora.xtec.cat\/escoladetermens\/wp-json\/wp\/v2\/posts\/5696\/revisions\/5716"}],"wp:attachment":[{"href":"https:\/\/agora.xtec.cat\/escoladetermens\/wp-json\/wp\/v2\/media?parent=5696"}],"wp:term":[{"taxonomy":"category","embeddable":true,"href":"https:\/\/agora.xtec.cat\/escoladetermens\/wp-json\/wp\/v2\/categories?post=5696"},{"taxonomy":"post_tag","embeddable":true,"href":"https:\/\/agora.xtec.cat\/escoladetermens\/wp-json\/wp\/v2\/tags?post=5696"}],"curies":[{"name":"wp","href":"https:\/\/api.w.org\/{rel}","templated":true}]}}