{"id":5550,"date":"2021-07-05T10:56:55","date_gmt":"2021-07-05T08:56:55","guid":{"rendered":"http:\/\/agora.xtec.cat\/escoladetermens\/?p=5550"},"modified":"2021-07-05T10:56:55","modified_gmt":"2021-07-05T08:56:55","slug":"passejada-poetica-familiar","status":"publish","type":"post","link":"https:\/\/agora.xtec.cat\/escoladetermens\/portada\/passejada-poetica-familiar\/","title":{"rendered":"PASSEJADA PO\u00c8TICA FAMILIAR"},"content":{"rendered":"<p>El passat dissabte\u00a0 es va inaugurar la passejada po\u00e8tica musical en fam\u00edlia per la vila de T\u00e9rmens. Un projecte en el qual han participat alguns alumnes de l&#8217;escola (l&#8217;Elna, la T\u00e0nia i el Marc R) i la seva mestra de m\u00fasica.<\/p>\n<p>A prop de l&#8217;escola hi ha el plaf\u00f3 on podeu escoltar els diferents poemes que han musicat persones vinculades al poble.<\/p>\n<p><a href=\"https:\/\/agora.xtec.cat\/escoladetermens\/wp-content\/uploads\/usu1845\/2021\/07\/POEMES-MUSICATS.jpg\"><img loading=\"lazy\" decoding=\"async\" class=\"alignnone size-large wp-image-5551\" src=\"https:\/\/agora.xtec.cat\/escoladetermens\/wp-content\/uploads\/usu1845\/2021\/07\/POEMES-MUSICATS-724x1024.jpg\" alt=\"\" width=\"724\" height=\"1024\" srcset=\"https:\/\/agora.xtec.cat\/escoladetermens\/wp-content\/uploads\/usu1845\/2021\/07\/POEMES-MUSICATS-724x1024.jpg 724w, https:\/\/agora.xtec.cat\/escoladetermens\/wp-content\/uploads\/usu1845\/2021\/07\/POEMES-MUSICATS-212x300.jpg 212w, https:\/\/agora.xtec.cat\/escoladetermens\/wp-content\/uploads\/usu1845\/2021\/07\/POEMES-MUSICATS-768x1086.jpg 768w, https:\/\/agora.xtec.cat\/escoladetermens\/wp-content\/uploads\/usu1845\/2021\/07\/POEMES-MUSICATS.jpg 1587w\" sizes=\"auto, (max-width: 724px) 100vw, 724px\" \/><\/a><\/p>\n","protected":false},"excerpt":{"rendered":"<p>El passat dissabte\u00a0 es va inaugurar la passejada po\u00e8tica musical en fam\u00edlia per la vila de T\u00e9rmens. Un projecte en el qual han participat alguns alumnes de l&#8217;escola (l&#8217;Elna, la T\u00e0nia i el Marc R) i la seva mestra de m\u00fasica.<br \/>\nA prop de l&#8217;escola hi&hellip;  <a href=\"https:\/\/agora.xtec.cat\/escoladetermens\/portada\/passejada-poetica-familiar\/\" title=\"Read PASSEJADA PO\u00c8TICA FAMILIAR\">Llegeix m\u00e9s\u00bb<\/a><\/p>\n","protected":false},"author":1,"featured_media":0,"comment_status":"open","ping_status":"closed","sticky":false,"template":"","format":"standard","meta":{"_bbp_topic_count":0,"_bbp_reply_count":0,"_bbp_total_topic_count":0,"_bbp_total_reply_count":0,"_bbp_voice_count":0,"_bbp_anonymous_reply_count":0,"_bbp_topic_count_hidden":0,"_bbp_reply_count_hidden":0,"_bbp_forum_subforum_count":0,"footnotes":""},"categories":[12,14,93,4,5],"tags":[256],"class_list":["post-5550","post","type-post","status-publish","format-standard","hentry","category-4t","category-5e","category-musica","category-portada","category-primaria","tag-ed-musical"],"post_mailing_queue_ids":[],"_links":{"self":[{"href":"https:\/\/agora.xtec.cat\/escoladetermens\/wp-json\/wp\/v2\/posts\/5550","targetHints":{"allow":["GET"]}}],"collection":[{"href":"https:\/\/agora.xtec.cat\/escoladetermens\/wp-json\/wp\/v2\/posts"}],"about":[{"href":"https:\/\/agora.xtec.cat\/escoladetermens\/wp-json\/wp\/v2\/types\/post"}],"author":[{"embeddable":true,"href":"https:\/\/agora.xtec.cat\/escoladetermens\/wp-json\/wp\/v2\/users\/1"}],"replies":[{"embeddable":true,"href":"https:\/\/agora.xtec.cat\/escoladetermens\/wp-json\/wp\/v2\/comments?post=5550"}],"version-history":[{"count":1,"href":"https:\/\/agora.xtec.cat\/escoladetermens\/wp-json\/wp\/v2\/posts\/5550\/revisions"}],"predecessor-version":[{"id":5552,"href":"https:\/\/agora.xtec.cat\/escoladetermens\/wp-json\/wp\/v2\/posts\/5550\/revisions\/5552"}],"wp:attachment":[{"href":"https:\/\/agora.xtec.cat\/escoladetermens\/wp-json\/wp\/v2\/media?parent=5550"}],"wp:term":[{"taxonomy":"category","embeddable":true,"href":"https:\/\/agora.xtec.cat\/escoladetermens\/wp-json\/wp\/v2\/categories?post=5550"},{"taxonomy":"post_tag","embeddable":true,"href":"https:\/\/agora.xtec.cat\/escoladetermens\/wp-json\/wp\/v2\/tags?post=5550"}],"curies":[{"name":"wp","href":"https:\/\/api.w.org\/{rel}","templated":true}]}}