{"id":5460,"date":"2021-05-28T16:43:17","date_gmt":"2021-05-28T14:43:17","guid":{"rendered":"http:\/\/agora.xtec.cat\/escoladetermens\/?p=5460"},"modified":"2021-05-28T16:43:17","modified_gmt":"2021-05-28T14:43:17","slug":"radio-piruli-58","status":"publish","type":"post","link":"https:\/\/agora.xtec.cat\/escoladetermens\/portada\/radio-piruli-58\/","title":{"rendered":"R\u00c0DIO PIRULI"},"content":{"rendered":"<p>Aquesta setmana han vingut de locutors el Ra\u00fcl i la T\u00e0nia! Els dj&#8217;s repetiran la setmana vinent que hem tingut problemes t\u00e8cnics.<\/p>\n<p><iframe loading=\"lazy\" title=\"R\u00e0dio, 28 de maig by R\u00e0dio Piruli\" width=\"500\" height=\"400\" scrolling=\"no\" frameborder=\"no\" src=\"https:\/\/w.soundcloud.com\/player\/?visual=true&#038;url=https%3A%2F%2Fapi.soundcloud.com%2Ftracks%2F1057386499&#038;show_artwork=true&#038;maxheight=750&#038;maxwidth=500&#038;secret_token=s-jpZEgZGbEwD\"><\/iframe><\/p>\n","protected":false},"excerpt":{"rendered":"<p>Aquesta setmana han vingut de locutors el Ra\u00fcl i la T\u00e0nia! Els dj&#8217;s repetiran la setmana vinent que hem tingut problemes t\u00e8cnics.<\/p>\n","protected":false},"author":1,"featured_media":0,"comment_status":"open","ping_status":"closed","sticky":false,"template":"","format":"standard","meta":{"_bbp_topic_count":0,"_bbp_reply_count":0,"_bbp_total_topic_count":0,"_bbp_total_reply_count":0,"_bbp_voice_count":0,"_bbp_anonymous_reply_count":0,"_bbp_topic_count_hidden":0,"_bbp_reply_count_hidden":0,"_bbp_forum_subforum_count":0,"footnotes":""},"categories":[12,108,4,5],"tags":[133],"class_list":["post-5460","post","type-post","status-publish","format-standard","hentry","category-4t","category-aula-carles-capdevila","category-portada","category-primaria","tag-radio-piruli"],"post_mailing_queue_ids":[],"_links":{"self":[{"href":"https:\/\/agora.xtec.cat\/escoladetermens\/wp-json\/wp\/v2\/posts\/5460","targetHints":{"allow":["GET"]}}],"collection":[{"href":"https:\/\/agora.xtec.cat\/escoladetermens\/wp-json\/wp\/v2\/posts"}],"about":[{"href":"https:\/\/agora.xtec.cat\/escoladetermens\/wp-json\/wp\/v2\/types\/post"}],"author":[{"embeddable":true,"href":"https:\/\/agora.xtec.cat\/escoladetermens\/wp-json\/wp\/v2\/users\/1"}],"replies":[{"embeddable":true,"href":"https:\/\/agora.xtec.cat\/escoladetermens\/wp-json\/wp\/v2\/comments?post=5460"}],"version-history":[{"count":1,"href":"https:\/\/agora.xtec.cat\/escoladetermens\/wp-json\/wp\/v2\/posts\/5460\/revisions"}],"predecessor-version":[{"id":5461,"href":"https:\/\/agora.xtec.cat\/escoladetermens\/wp-json\/wp\/v2\/posts\/5460\/revisions\/5461"}],"wp:attachment":[{"href":"https:\/\/agora.xtec.cat\/escoladetermens\/wp-json\/wp\/v2\/media?parent=5460"}],"wp:term":[{"taxonomy":"category","embeddable":true,"href":"https:\/\/agora.xtec.cat\/escoladetermens\/wp-json\/wp\/v2\/categories?post=5460"},{"taxonomy":"post_tag","embeddable":true,"href":"https:\/\/agora.xtec.cat\/escoladetermens\/wp-json\/wp\/v2\/tags?post=5460"}],"curies":[{"name":"wp","href":"https:\/\/api.w.org\/{rel}","templated":true}]}}