{"id":5417,"date":"2021-05-18T13:29:36","date_gmt":"2021-05-18T11:29:36","guid":{"rendered":"http:\/\/agora.xtec.cat\/escoladetermens\/?p=5417"},"modified":"2021-05-18T13:29:36","modified_gmt":"2021-05-18T11:29:36","slug":"sortida-cm-i-cs","status":"publish","type":"post","link":"https:\/\/agora.xtec.cat\/escoladetermens\/portada\/sortida-cm-i-cs\/","title":{"rendered":"SORTIDA CM i CS"},"content":{"rendered":"<p>L&#8217;alumnat de cicle mitj\u00e0 i cicle superior hem anat d&#8217;excursi\u00f3 al M\u00f3n Sant Benet. All\u00ed hem fet dos tallers ben diferents: una passejada pel monestir per con\u00e8ixer la seva hist\u00f2ria i el taller &#8220;setci\u00e8ncies la cuina&#8221; de la Fundaci\u00f3 Al\u00edcia. Fundaci\u00f3 dedicada a l&#8217;estudi cient\u00edfic de l&#8217;alimentaci\u00f3.<\/p>\n<p>Va ser molt profit\u00f3s i emocionant!<\/p>\n<p><a href=\"https:\/\/photos.app.goo.gl\/JDP8qVhDv1s2G4hJ7\"><img loading=\"lazy\" decoding=\"async\" class=\"alignnone size-large wp-image-5419\" src=\"https:\/\/agora.xtec.cat\/escoladetermens\/wp-content\/uploads\/usu1845\/2021\/05\/IMPLICAT-1-1-1024x1024.jpg\" alt=\"\" width=\"1024\" height=\"1024\" srcset=\"https:\/\/agora.xtec.cat\/escoladetermens\/wp-content\/uploads\/usu1845\/2021\/05\/IMPLICAT-1-1-1024x1024.jpg 1024w, https:\/\/agora.xtec.cat\/escoladetermens\/wp-content\/uploads\/usu1845\/2021\/05\/IMPLICAT-1-1-150x150.jpg 150w, https:\/\/agora.xtec.cat\/escoladetermens\/wp-content\/uploads\/usu1845\/2021\/05\/IMPLICAT-1-1-300x300.jpg 300w, https:\/\/agora.xtec.cat\/escoladetermens\/wp-content\/uploads\/usu1845\/2021\/05\/IMPLICAT-1-1-768x768.jpg 768w, https:\/\/agora.xtec.cat\/escoladetermens\/wp-content\/uploads\/usu1845\/2021\/05\/IMPLICAT-1-1.jpg 1080w\" sizes=\"auto, (max-width: 1024px) 100vw, 1024px\" \/><\/a><\/p>\n","protected":false},"excerpt":{"rendered":"<p>L&#8217;alumnat de cicle mitj\u00e0 i cicle superior hem anat d&#8217;excursi\u00f3 al M\u00f3n Sant Benet. All\u00ed hem fet dos tallers ben diferents: una passejada pel monestir per con\u00e8ixer la seva hist\u00f2ria i el taller &#8220;setci\u00e8ncies la cuina&#8221; de la Fundaci\u00f3 Al\u00edcia. Fundaci\u00f3 dedicada a l&#8217;estudi cient\u00edfic&hellip;  <a href=\"https:\/\/agora.xtec.cat\/escoladetermens\/portada\/sortida-cm-i-cs\/\" title=\"Read SORTIDA CM i CS\">Llegeix m\u00e9s\u00bb<\/a><\/p>\n","protected":false},"author":1,"featured_media":0,"comment_status":"open","ping_status":"closed","sticky":false,"template":"","format":"standard","meta":{"_bbp_topic_count":0,"_bbp_reply_count":0,"_bbp_total_topic_count":0,"_bbp_total_reply_count":0,"_bbp_voice_count":0,"_bbp_anonymous_reply_count":0,"_bbp_topic_count_hidden":0,"_bbp_reply_count_hidden":0,"_bbp_forum_subforum_count":0,"footnotes":""},"categories":[12,14,15,4,5],"tags":[],"class_list":["post-5417","post","type-post","status-publish","format-standard","hentry","category-4t","category-5e","category-6e","category-portada","category-primaria"],"post_mailing_queue_ids":[],"_links":{"self":[{"href":"https:\/\/agora.xtec.cat\/escoladetermens\/wp-json\/wp\/v2\/posts\/5417","targetHints":{"allow":["GET"]}}],"collection":[{"href":"https:\/\/agora.xtec.cat\/escoladetermens\/wp-json\/wp\/v2\/posts"}],"about":[{"href":"https:\/\/agora.xtec.cat\/escoladetermens\/wp-json\/wp\/v2\/types\/post"}],"author":[{"embeddable":true,"href":"https:\/\/agora.xtec.cat\/escoladetermens\/wp-json\/wp\/v2\/users\/1"}],"replies":[{"embeddable":true,"href":"https:\/\/agora.xtec.cat\/escoladetermens\/wp-json\/wp\/v2\/comments?post=5417"}],"version-history":[{"count":2,"href":"https:\/\/agora.xtec.cat\/escoladetermens\/wp-json\/wp\/v2\/posts\/5417\/revisions"}],"predecessor-version":[{"id":5424,"href":"https:\/\/agora.xtec.cat\/escoladetermens\/wp-json\/wp\/v2\/posts\/5417\/revisions\/5424"}],"wp:attachment":[{"href":"https:\/\/agora.xtec.cat\/escoladetermens\/wp-json\/wp\/v2\/media?parent=5417"}],"wp:term":[{"taxonomy":"category","embeddable":true,"href":"https:\/\/agora.xtec.cat\/escoladetermens\/wp-json\/wp\/v2\/categories?post=5417"},{"taxonomy":"post_tag","embeddable":true,"href":"https:\/\/agora.xtec.cat\/escoladetermens\/wp-json\/wp\/v2\/tags?post=5417"}],"curies":[{"name":"wp","href":"https:\/\/api.w.org\/{rel}","templated":true}]}}