{"id":5358,"date":"2021-05-05T09:10:10","date_gmt":"2021-05-05T07:10:10","guid":{"rendered":"http:\/\/agora.xtec.cat\/escoladetermens\/?p=5358"},"modified":"2021-05-05T09:10:10","modified_gmt":"2021-05-05T07:10:10","slug":"conferencia-participativa","status":"publish","type":"post","link":"https:\/\/agora.xtec.cat\/escoladetermens\/general\/conferencia-participativa\/","title":{"rendered":"CONFER\u00c8NCIA PARTICIPATIVA"},"content":{"rendered":"<p>Us recordem\u00a0 que el dia\u00a0<span style=\"color: #6aa84f; font-size: large;\">13 de maig a les 19:30\u00a0<\/span>hem organitzat una confer\u00e8ncia, <span style=\"color: #ff9900; font-size: xx-large;\">Qu\u00e8 s&#8217;amaga dins les pantalles?<\/span><\/p>\n<p>A\u00a0 la\u00a0sala d&#8217;actes de l&#8217;Ajuntament. l&#8217;<span style=\"color: #ff0000; font-size: large;\">aforament ser\u00e0 limitat i cal fer reserva<\/span>\u00a0<span style=\"color: #0000ff; font-size: large;\">enviant un correu\u00a0<\/span>amb el vostre nom.<\/p>\n<p>Els alumnes de cicle superior 5\u00e8 i 6\u00e8 tamb\u00e9 poden\u00a0 venir.<\/p>\n<p>&nbsp;<\/p>\n<p><span style=\"color: #ff00ff; font-size: large;\">Us animem a participar!!<\/span><\/p>\n<p><a href=\"https:\/\/agora.xtec.cat\/escoladetermens\/wp-content\/uploads\/usu1845\/2021\/05\/Cartell_AddiccionsNT_Nog_TERMENS.jpg\"><img loading=\"lazy\" decoding=\"async\" class=\"alignnone size-large wp-image-5359\" src=\"https:\/\/agora.xtec.cat\/escoladetermens\/wp-content\/uploads\/usu1845\/2021\/05\/Cartell_AddiccionsNT_Nog_TERMENS-724x1024.jpg\" alt=\"\" width=\"724\" height=\"1024\" srcset=\"https:\/\/agora.xtec.cat\/escoladetermens\/wp-content\/uploads\/usu1845\/2021\/05\/Cartell_AddiccionsNT_Nog_TERMENS-724x1024.jpg 724w, https:\/\/agora.xtec.cat\/escoladetermens\/wp-content\/uploads\/usu1845\/2021\/05\/Cartell_AddiccionsNT_Nog_TERMENS-212x300.jpg 212w, https:\/\/agora.xtec.cat\/escoladetermens\/wp-content\/uploads\/usu1845\/2021\/05\/Cartell_AddiccionsNT_Nog_TERMENS-768x1086.jpg 768w, https:\/\/agora.xtec.cat\/escoladetermens\/wp-content\/uploads\/usu1845\/2021\/05\/Cartell_AddiccionsNT_Nog_TERMENS.jpg 1414w\" sizes=\"auto, (max-width: 724px) 100vw, 724px\" \/><\/a><\/p>\n<div><\/div>\n<div><\/div>\n","protected":false},"excerpt":{"rendered":"<p>Us recordem\u00a0 que el dia\u00a013 de maig a les 19:30\u00a0hem organitzat una confer\u00e8ncia, Qu\u00e8 s&#8217;amaga dins les pantalles?<br \/>\nA\u00a0 la\u00a0sala d&#8217;actes de l&#8217;Ajuntament. l&#8217;aforament ser\u00e0 limitat i cal fer reserva\u00a0enviant un correu\u00a0amb el vostre nom.<br \/>\nEls alumnes de cicle superior 5\u00e8 i 6\u00e8 tamb\u00e9 poden\u00a0 venir.<br \/>\n&nbsp;<br \/>\nUs animem&hellip;  <a href=\"https:\/\/agora.xtec.cat\/escoladetermens\/general\/conferencia-participativa\/\" title=\"Read CONFER\u00c8NCIA PARTICIPATIVA\">Llegeix m\u00e9s\u00bb<\/a><\/p>\n","protected":false},"author":1,"featured_media":0,"comment_status":"open","ping_status":"closed","sticky":false,"template":"","format":"standard","meta":{"_bbp_topic_count":0,"_bbp_reply_count":0,"_bbp_total_topic_count":0,"_bbp_total_reply_count":0,"_bbp_voice_count":0,"_bbp_anonymous_reply_count":0,"_bbp_topic_count_hidden":0,"_bbp_reply_count_hidden":0,"_bbp_forum_subforum_count":0,"footnotes":""},"categories":[1,4],"tags":[164],"class_list":["post-5358","post","type-post","status-publish","format-standard","hentry","category-general","category-portada","tag-families"],"post_mailing_queue_ids":[],"_links":{"self":[{"href":"https:\/\/agora.xtec.cat\/escoladetermens\/wp-json\/wp\/v2\/posts\/5358","targetHints":{"allow":["GET"]}}],"collection":[{"href":"https:\/\/agora.xtec.cat\/escoladetermens\/wp-json\/wp\/v2\/posts"}],"about":[{"href":"https:\/\/agora.xtec.cat\/escoladetermens\/wp-json\/wp\/v2\/types\/post"}],"author":[{"embeddable":true,"href":"https:\/\/agora.xtec.cat\/escoladetermens\/wp-json\/wp\/v2\/users\/1"}],"replies":[{"embeddable":true,"href":"https:\/\/agora.xtec.cat\/escoladetermens\/wp-json\/wp\/v2\/comments?post=5358"}],"version-history":[{"count":1,"href":"https:\/\/agora.xtec.cat\/escoladetermens\/wp-json\/wp\/v2\/posts\/5358\/revisions"}],"predecessor-version":[{"id":5360,"href":"https:\/\/agora.xtec.cat\/escoladetermens\/wp-json\/wp\/v2\/posts\/5358\/revisions\/5360"}],"wp:attachment":[{"href":"https:\/\/agora.xtec.cat\/escoladetermens\/wp-json\/wp\/v2\/media?parent=5358"}],"wp:term":[{"taxonomy":"category","embeddable":true,"href":"https:\/\/agora.xtec.cat\/escoladetermens\/wp-json\/wp\/v2\/categories?post=5358"},{"taxonomy":"post_tag","embeddable":true,"href":"https:\/\/agora.xtec.cat\/escoladetermens\/wp-json\/wp\/v2\/tags?post=5358"}],"curies":[{"name":"wp","href":"https:\/\/api.w.org\/{rel}","templated":true}]}}