{"id":5302,"date":"2021-04-23T12:37:51","date_gmt":"2021-04-23T10:37:51","guid":{"rendered":"http:\/\/agora.xtec.cat\/escoladetermens\/?p=5302"},"modified":"2021-04-23T12:37:51","modified_gmt":"2021-04-23T10:37:51","slug":"radio-piruli-52","status":"publish","type":"post","link":"https:\/\/agora.xtec.cat\/escoladetermens\/portada\/radio-piruli-52\/","title":{"rendered":"R\u00c0DIO PIRULI"},"content":{"rendered":"<p>Avui nom\u00e9s hem tingut com a locutor al Josep. L&#8217;han acompanyat com a DJ&#8217;s l&#8217;Alexandra i el Ra\u00fcl.<\/p>\n<p><iframe loading=\"lazy\" title=\"23 d&#039;abril by R\u00e0dio Piruli\" width=\"500\" height=\"400\" scrolling=\"no\" frameborder=\"no\" src=\"https:\/\/w.soundcloud.com\/player\/?visual=true&#038;url=https%3A%2F%2Fapi.soundcloud.com%2Ftracks%2F1035205972&#038;show_artwork=true&#038;maxheight=750&#038;maxwidth=500&#038;secret_token=s-T3JZ2AUG3Ub\"><\/iframe><\/p>\n","protected":false},"excerpt":{"rendered":"<p>Avui nom\u00e9s hem tingut com a locutor al Josep. L&#8217;han acompanyat com a DJ&#8217;s l&#8217;Alexandra i el Ra\u00fcl.<\/p>\n","protected":false},"author":1,"featured_media":0,"comment_status":"open","ping_status":"closed","sticky":false,"template":"","format":"standard","meta":{"_bbp_topic_count":0,"_bbp_reply_count":0,"_bbp_total_topic_count":0,"_bbp_total_reply_count":0,"_bbp_voice_count":0,"_bbp_anonymous_reply_count":0,"_bbp_topic_count_hidden":0,"_bbp_reply_count_hidden":0,"_bbp_forum_subforum_count":0,"footnotes":""},"categories":[12,108,4,5],"tags":[133],"class_list":["post-5302","post","type-post","status-publish","format-standard","hentry","category-4t","category-aula-carles-capdevila","category-portada","category-primaria","tag-radio-piruli"],"post_mailing_queue_ids":[],"_links":{"self":[{"href":"https:\/\/agora.xtec.cat\/escoladetermens\/wp-json\/wp\/v2\/posts\/5302","targetHints":{"allow":["GET"]}}],"collection":[{"href":"https:\/\/agora.xtec.cat\/escoladetermens\/wp-json\/wp\/v2\/posts"}],"about":[{"href":"https:\/\/agora.xtec.cat\/escoladetermens\/wp-json\/wp\/v2\/types\/post"}],"author":[{"embeddable":true,"href":"https:\/\/agora.xtec.cat\/escoladetermens\/wp-json\/wp\/v2\/users\/1"}],"replies":[{"embeddable":true,"href":"https:\/\/agora.xtec.cat\/escoladetermens\/wp-json\/wp\/v2\/comments?post=5302"}],"version-history":[{"count":1,"href":"https:\/\/agora.xtec.cat\/escoladetermens\/wp-json\/wp\/v2\/posts\/5302\/revisions"}],"predecessor-version":[{"id":5303,"href":"https:\/\/agora.xtec.cat\/escoladetermens\/wp-json\/wp\/v2\/posts\/5302\/revisions\/5303"}],"wp:attachment":[{"href":"https:\/\/agora.xtec.cat\/escoladetermens\/wp-json\/wp\/v2\/media?parent=5302"}],"wp:term":[{"taxonomy":"category","embeddable":true,"href":"https:\/\/agora.xtec.cat\/escoladetermens\/wp-json\/wp\/v2\/categories?post=5302"},{"taxonomy":"post_tag","embeddable":true,"href":"https:\/\/agora.xtec.cat\/escoladetermens\/wp-json\/wp\/v2\/tags?post=5302"}],"curies":[{"name":"wp","href":"https:\/\/api.w.org\/{rel}","templated":true}]}}