{"id":5243,"date":"2021-04-07T14:01:14","date_gmt":"2021-04-07T12:01:14","guid":{"rendered":"http:\/\/agora.xtec.cat\/escoladetermens\/?p=5243"},"modified":"2021-04-07T14:01:14","modified_gmt":"2021-04-07T12:01:14","slug":"dia-mundial-de-lactivitat-fisica","status":"publish","type":"post","link":"https:\/\/agora.xtec.cat\/escoladetermens\/portada\/dia-mundial-de-lactivitat-fisica\/","title":{"rendered":"DIA MUNDIAL DE L&#8217;ACTIVITAT F\u00cdSICA"},"content":{"rendered":"<p>Ahir, 6 de juny, es va celebrar el dia Mundial de l&#8217;Activitat F\u00edsica. L&#8217;alumnat de l&#8217;escola ha participat en el repte de fer el despla\u00e7ament m\u00e9s original possible pel pati de l&#8217;escola que ens va proposar el PCEE. I n&#8217;hi ha de ben originals!!<\/p>\n<p><a href=\"https:\/\/photos.app.goo.gl\/13fBx77BjEDaepGu8\"><img loading=\"lazy\" decoding=\"async\" class=\"alignnone size-large wp-image-5246\" src=\"https:\/\/agora.xtec.cat\/escoladetermens\/wp-content\/uploads\/usu1845\/2021\/04\/LKJHG-1024x844.jpg\" alt=\"\" width=\"1024\" height=\"844\" srcset=\"https:\/\/agora.xtec.cat\/escoladetermens\/wp-content\/uploads\/usu1845\/2021\/04\/LKJHG-1024x844.jpg 1024w, https:\/\/agora.xtec.cat\/escoladetermens\/wp-content\/uploads\/usu1845\/2021\/04\/LKJHG-300x247.jpg 300w, https:\/\/agora.xtec.cat\/escoladetermens\/wp-content\/uploads\/usu1845\/2021\/04\/LKJHG-768x633.jpg 768w, https:\/\/agora.xtec.cat\/escoladetermens\/wp-content\/uploads\/usu1845\/2021\/04\/LKJHG.jpg 1080w\" sizes=\"auto, (max-width: 1024px) 100vw, 1024px\" \/><\/a><\/p>\n<p>&nbsp;<\/p>\n","protected":false},"excerpt":{"rendered":"<p>Ahir, 6 de juny, es va celebrar el dia Mundial de l&#8217;Activitat F\u00edsica. L&#8217;alumnat de l&#8217;escola ha participat en el repte de fer el despla\u00e7ament m\u00e9s original possible pel pati de l&#8217;escola que ens va proposar el PCEE. I n&#8217;hi ha de ben originals!!<br \/>\n<a href=\"https:\/\/photos.app.goo.gl\/13fBx77BjEDaepGu8\"><\/a><br \/>\n&nbsp;<\/p>\n","protected":false},"author":1,"featured_media":0,"comment_status":"open","ping_status":"closed","sticky":false,"template":"","format":"standard","meta":{"_bbp_topic_count":0,"_bbp_reply_count":0,"_bbp_total_topic_count":0,"_bbp_total_reply_count":0,"_bbp_voice_count":0,"_bbp_anonymous_reply_count":0,"_bbp_topic_count_hidden":0,"_bbp_reply_count_hidden":0,"_bbp_forum_subforum_count":0,"footnotes":""},"categories":[10,11,12,14,15,83,4,5],"tags":[320,60],"class_list":["post-5243","post","type-post","status-publish","format-standard","hentry","category-2n","category-3r","category-4t","category-5e","category-6e","category-ed-fisica","category-portada","category-primaria","tag-cadapascompte","tag-ed-fisica"],"post_mailing_queue_ids":[],"_links":{"self":[{"href":"https:\/\/agora.xtec.cat\/escoladetermens\/wp-json\/wp\/v2\/posts\/5243","targetHints":{"allow":["GET"]}}],"collection":[{"href":"https:\/\/agora.xtec.cat\/escoladetermens\/wp-json\/wp\/v2\/posts"}],"about":[{"href":"https:\/\/agora.xtec.cat\/escoladetermens\/wp-json\/wp\/v2\/types\/post"}],"author":[{"embeddable":true,"href":"https:\/\/agora.xtec.cat\/escoladetermens\/wp-json\/wp\/v2\/users\/1"}],"replies":[{"embeddable":true,"href":"https:\/\/agora.xtec.cat\/escoladetermens\/wp-json\/wp\/v2\/comments?post=5243"}],"version-history":[{"count":1,"href":"https:\/\/agora.xtec.cat\/escoladetermens\/wp-json\/wp\/v2\/posts\/5243\/revisions"}],"predecessor-version":[{"id":5247,"href":"https:\/\/agora.xtec.cat\/escoladetermens\/wp-json\/wp\/v2\/posts\/5243\/revisions\/5247"}],"wp:attachment":[{"href":"https:\/\/agora.xtec.cat\/escoladetermens\/wp-json\/wp\/v2\/media?parent=5243"}],"wp:term":[{"taxonomy":"category","embeddable":true,"href":"https:\/\/agora.xtec.cat\/escoladetermens\/wp-json\/wp\/v2\/categories?post=5243"},{"taxonomy":"post_tag","embeddable":true,"href":"https:\/\/agora.xtec.cat\/escoladetermens\/wp-json\/wp\/v2\/tags?post=5243"}],"curies":[{"name":"wp","href":"https:\/\/api.w.org\/{rel}","templated":true}]}}