{"id":5241,"date":"2021-04-06T12:21:02","date_gmt":"2021-04-06T10:21:02","guid":{"rendered":"http:\/\/agora.xtec.cat\/escoladetermens\/?p=5241"},"modified":"2021-04-06T12:21:02","modified_gmt":"2021-04-06T10:21:02","slug":"radio-conversa-16","status":"publish","type":"post","link":"https:\/\/agora.xtec.cat\/escoladetermens\/portada\/radio-conversa-16\/","title":{"rendered":"R\u00c0DIO CONVERSA"},"content":{"rendered":"<p>Despr\u00e9s d&#8217;uns dies de descans tornem a fer conversa. Avui l&#8217;Elna i la Paula ens parlen del Dia Mundial de l&#8217;Activitat F\u00edsica! I en la secci\u00f3 del debat el Sergi i l&#8217;Iris ens comenten arguments a favor dels cotxes h\u00edbrids i dels el\u00e8ctrics.<\/p>\n<p><iframe loading=\"lazy\" title=\"Conversa 6 d&#039;abril by R\u00e0dio Piruli\" width=\"500\" height=\"400\" scrolling=\"no\" frameborder=\"no\" src=\"https:\/\/w.soundcloud.com\/player\/?visual=true&#038;url=https%3A%2F%2Fapi.soundcloud.com%2Ftracks%2F1023169141&#038;show_artwork=true&#038;maxheight=750&#038;maxwidth=500&#038;secret_token=s-IHCp3HBUuZ7\"><\/iframe><\/p>\n","protected":false},"excerpt":{"rendered":"<p>Despr\u00e9s d&#8217;uns dies de descans tornem a fer conversa. Avui l&#8217;Elna i la Paula ens parlen del Dia Mundial de l&#8217;Activitat F\u00edsica! I en la secci\u00f3 del debat el Sergi i l&#8217;Iris ens comenten arguments a favor dels cotxes h\u00edbrids i dels el\u00e8ctrics.<\/p>\n","protected":false},"author":1,"featured_media":0,"comment_status":"open","ping_status":"closed","sticky":false,"template":"","format":"standard","meta":{"_bbp_topic_count":0,"_bbp_reply_count":0,"_bbp_total_topic_count":0,"_bbp_total_reply_count":0,"_bbp_voice_count":0,"_bbp_anonymous_reply_count":0,"_bbp_topic_count_hidden":0,"_bbp_reply_count_hidden":0,"_bbp_forum_subforum_count":0,"footnotes":""},"categories":[14,15,108,4,5],"tags":[195],"class_list":["post-5241","post","type-post","status-publish","format-standard","hentry","category-5e","category-6e","category-aula-carles-capdevila","category-portada","category-primaria","tag-radio-conversa"],"post_mailing_queue_ids":[],"_links":{"self":[{"href":"https:\/\/agora.xtec.cat\/escoladetermens\/wp-json\/wp\/v2\/posts\/5241","targetHints":{"allow":["GET"]}}],"collection":[{"href":"https:\/\/agora.xtec.cat\/escoladetermens\/wp-json\/wp\/v2\/posts"}],"about":[{"href":"https:\/\/agora.xtec.cat\/escoladetermens\/wp-json\/wp\/v2\/types\/post"}],"author":[{"embeddable":true,"href":"https:\/\/agora.xtec.cat\/escoladetermens\/wp-json\/wp\/v2\/users\/1"}],"replies":[{"embeddable":true,"href":"https:\/\/agora.xtec.cat\/escoladetermens\/wp-json\/wp\/v2\/comments?post=5241"}],"version-history":[{"count":1,"href":"https:\/\/agora.xtec.cat\/escoladetermens\/wp-json\/wp\/v2\/posts\/5241\/revisions"}],"predecessor-version":[{"id":5242,"href":"https:\/\/agora.xtec.cat\/escoladetermens\/wp-json\/wp\/v2\/posts\/5241\/revisions\/5242"}],"wp:attachment":[{"href":"https:\/\/agora.xtec.cat\/escoladetermens\/wp-json\/wp\/v2\/media?parent=5241"}],"wp:term":[{"taxonomy":"category","embeddable":true,"href":"https:\/\/agora.xtec.cat\/escoladetermens\/wp-json\/wp\/v2\/categories?post=5241"},{"taxonomy":"post_tag","embeddable":true,"href":"https:\/\/agora.xtec.cat\/escoladetermens\/wp-json\/wp\/v2\/tags?post=5241"}],"curies":[{"name":"wp","href":"https:\/\/api.w.org\/{rel}","templated":true}]}}