{"id":5230,"date":"2021-03-26T13:15:14","date_gmt":"2021-03-26T12:15:14","guid":{"rendered":"http:\/\/agora.xtec.cat\/escoladetermens\/?p=5230"},"modified":"2021-03-26T13:15:14","modified_gmt":"2021-03-26T12:15:14","slug":"radio-piruli-50","status":"publish","type":"post","link":"https:\/\/agora.xtec.cat\/escoladetermens\/portada\/radio-piruli-50\/","title":{"rendered":"R\u00c0DIO PIRULI"},"content":{"rendered":"<p>Aqu\u00ed tenim l&#8217;\u00faltim programa d&#8217;aquest trimestre. Ens l&#8217;han condu\u00eft la Blau i l&#8217;Oriol. Les responsables del so han sigut la J\u00falia i la Mireia.<\/p>\n<p><iframe loading=\"lazy\" title=\"26 de mar\u00e7 by R\u00e0dio Piruli\" width=\"500\" height=\"400\" scrolling=\"no\" frameborder=\"no\" src=\"https:\/\/w.soundcloud.com\/player\/?visual=true&#038;url=https%3A%2F%2Fapi.soundcloud.com%2Ftracks%2F1016720068&#038;show_artwork=true&#038;maxheight=750&#038;maxwidth=500&#038;secret_token=s-dsMILrF3xVC\"><\/iframe><\/p>\n","protected":false},"excerpt":{"rendered":"<p>Aqu\u00ed tenim l&#8217;\u00faltim programa d&#8217;aquest trimestre. Ens l&#8217;han condu\u00eft la Blau i l&#8217;Oriol. Les responsables del so han sigut la J\u00falia i la Mireia.<\/p>\n","protected":false},"author":1,"featured_media":0,"comment_status":"open","ping_status":"closed","sticky":false,"template":"","format":"standard","meta":{"_bbp_topic_count":0,"_bbp_reply_count":0,"_bbp_total_topic_count":0,"_bbp_total_reply_count":0,"_bbp_voice_count":0,"_bbp_anonymous_reply_count":0,"_bbp_topic_count_hidden":0,"_bbp_reply_count_hidden":0,"_bbp_forum_subforum_count":0,"footnotes":""},"categories":[12,108,4,5],"tags":[133],"class_list":["post-5230","post","type-post","status-publish","format-standard","hentry","category-4t","category-aula-carles-capdevila","category-portada","category-primaria","tag-radio-piruli"],"post_mailing_queue_ids":[],"_links":{"self":[{"href":"https:\/\/agora.xtec.cat\/escoladetermens\/wp-json\/wp\/v2\/posts\/5230","targetHints":{"allow":["GET"]}}],"collection":[{"href":"https:\/\/agora.xtec.cat\/escoladetermens\/wp-json\/wp\/v2\/posts"}],"about":[{"href":"https:\/\/agora.xtec.cat\/escoladetermens\/wp-json\/wp\/v2\/types\/post"}],"author":[{"embeddable":true,"href":"https:\/\/agora.xtec.cat\/escoladetermens\/wp-json\/wp\/v2\/users\/1"}],"replies":[{"embeddable":true,"href":"https:\/\/agora.xtec.cat\/escoladetermens\/wp-json\/wp\/v2\/comments?post=5230"}],"version-history":[{"count":1,"href":"https:\/\/agora.xtec.cat\/escoladetermens\/wp-json\/wp\/v2\/posts\/5230\/revisions"}],"predecessor-version":[{"id":5231,"href":"https:\/\/agora.xtec.cat\/escoladetermens\/wp-json\/wp\/v2\/posts\/5230\/revisions\/5231"}],"wp:attachment":[{"href":"https:\/\/agora.xtec.cat\/escoladetermens\/wp-json\/wp\/v2\/media?parent=5230"}],"wp:term":[{"taxonomy":"category","embeddable":true,"href":"https:\/\/agora.xtec.cat\/escoladetermens\/wp-json\/wp\/v2\/categories?post=5230"},{"taxonomy":"post_tag","embeddable":true,"href":"https:\/\/agora.xtec.cat\/escoladetermens\/wp-json\/wp\/v2\/tags?post=5230"}],"curies":[{"name":"wp","href":"https:\/\/api.w.org\/{rel}","templated":true}]}}