{"id":5092,"date":"2021-03-05T13:01:38","date_gmt":"2021-03-05T12:01:38","guid":{"rendered":"http:\/\/agora.xtec.cat\/escoladetermens\/?p=5092"},"modified":"2021-03-05T13:01:38","modified_gmt":"2021-03-05T12:01:38","slug":"radio-piruli-47","status":"publish","type":"post","link":"https:\/\/agora.xtec.cat\/escoladetermens\/portada\/radio-piruli-47\/","title":{"rendered":"R\u00c0DIO PIRULI"},"content":{"rendered":"<p>Aqu\u00ed teniu el primer programa del mes amb unes not\u00edcies molt interessants.<\/p>\n<p>https:\/\/soundcloud.com\/user-417716096\/5-de-marc\/s-GgFj3Tyz4Ym<\/p>\n","protected":false},"excerpt":{"rendered":"<p>Aqu\u00ed teniu el primer programa del mes amb unes not\u00edcies molt interessants.<br \/>\nhttps:\/\/soundcloud.com\/user-417716096\/5-de-marc\/s-GgFj3Tyz4Ym<\/p>\n","protected":false},"author":1,"featured_media":0,"comment_status":"open","ping_status":"closed","sticky":false,"template":"","format":"standard","meta":{"_bbp_topic_count":0,"_bbp_reply_count":0,"_bbp_total_topic_count":0,"_bbp_total_reply_count":0,"_bbp_voice_count":0,"_bbp_anonymous_reply_count":0,"_bbp_topic_count_hidden":0,"_bbp_reply_count_hidden":0,"_bbp_forum_subforum_count":0,"footnotes":""},"categories":[12,108,4,5],"tags":[184],"class_list":["post-5092","post","type-post","status-publish","format-standard","hentry","category-4t","category-aula-carles-capdevila","category-portada","category-primaria","tag-radio-a-lescola"],"post_mailing_queue_ids":[],"_links":{"self":[{"href":"https:\/\/agora.xtec.cat\/escoladetermens\/wp-json\/wp\/v2\/posts\/5092","targetHints":{"allow":["GET"]}}],"collection":[{"href":"https:\/\/agora.xtec.cat\/escoladetermens\/wp-json\/wp\/v2\/posts"}],"about":[{"href":"https:\/\/agora.xtec.cat\/escoladetermens\/wp-json\/wp\/v2\/types\/post"}],"author":[{"embeddable":true,"href":"https:\/\/agora.xtec.cat\/escoladetermens\/wp-json\/wp\/v2\/users\/1"}],"replies":[{"embeddable":true,"href":"https:\/\/agora.xtec.cat\/escoladetermens\/wp-json\/wp\/v2\/comments?post=5092"}],"version-history":[{"count":1,"href":"https:\/\/agora.xtec.cat\/escoladetermens\/wp-json\/wp\/v2\/posts\/5092\/revisions"}],"predecessor-version":[{"id":5093,"href":"https:\/\/agora.xtec.cat\/escoladetermens\/wp-json\/wp\/v2\/posts\/5092\/revisions\/5093"}],"wp:attachment":[{"href":"https:\/\/agora.xtec.cat\/escoladetermens\/wp-json\/wp\/v2\/media?parent=5092"}],"wp:term":[{"taxonomy":"category","embeddable":true,"href":"https:\/\/agora.xtec.cat\/escoladetermens\/wp-json\/wp\/v2\/categories?post=5092"},{"taxonomy":"post_tag","embeddable":true,"href":"https:\/\/agora.xtec.cat\/escoladetermens\/wp-json\/wp\/v2\/tags?post=5092"}],"curies":[{"name":"wp","href":"https:\/\/api.w.org\/{rel}","templated":true}]}}