{"id":5022,"date":"2021-02-12T15:51:55","date_gmt":"2021-02-12T14:51:55","guid":{"rendered":"http:\/\/agora.xtec.cat\/escoladetermens\/?p=5022"},"modified":"2021-02-12T15:51:55","modified_gmt":"2021-02-12T14:51:55","slug":"creacio","status":"publish","type":"post","link":"https:\/\/agora.xtec.cat\/escoladetermens\/portada\/creacio\/","title":{"rendered":"CREACI\u00d3"},"content":{"rendered":"<p>L&#8217;alumnat de cicle inicial s&#8217;han inventat una coreografia amb la can\u00e7\u00f3 &#8220;Depende de los 2&#8221;.<\/p>\n<p><iframe loading=\"lazy\" title=\"Creaci\u00f3 Coreografia 1r\" width=\"500\" height=\"281\" src=\"https:\/\/www.youtube.com\/embed\/oMzppm77UDQ?feature=oembed\" frameborder=\"0\" allow=\"accelerometer; autoplay; clipboard-write; encrypted-media; gyroscope; picture-in-picture; web-share\" referrerpolicy=\"strict-origin-when-cross-origin\" allowfullscreen><\/iframe><\/p>\n<p><iframe loading=\"lazy\" title=\"Creaci\u00f3 Coreografia 2n\" width=\"500\" height=\"281\" src=\"https:\/\/www.youtube.com\/embed\/SiUMUVdj4ns?feature=oembed\" frameborder=\"0\" allow=\"accelerometer; autoplay; clipboard-write; encrypted-media; gyroscope; picture-in-picture; web-share\" referrerpolicy=\"strict-origin-when-cross-origin\" allowfullscreen><\/iframe><\/p>\n<p>&nbsp;<\/p>\n","protected":false},"excerpt":{"rendered":"<p>L&#8217;alumnat de cicle inicial s&#8217;han inventat una coreografia amb la can\u00e7\u00f3 &#8220;Depende de los 2&#8221;.<\/p>\n<p>&nbsp;<\/p>\n","protected":false},"author":1,"featured_media":5023,"comment_status":"open","ping_status":"closed","sticky":false,"template":"","format":"standard","meta":{"_bbp_topic_count":0,"_bbp_reply_count":0,"_bbp_total_topic_count":0,"_bbp_total_reply_count":0,"_bbp_voice_count":0,"_bbp_anonymous_reply_count":0,"_bbp_topic_count_hidden":0,"_bbp_reply_count_hidden":0,"_bbp_forum_subforum_count":0,"footnotes":""},"categories":[10,11,93,4,5],"tags":[256],"class_list":["post-5022","post","type-post","status-publish","format-standard","has-post-thumbnail","hentry","category-2n","category-3r","category-musica","category-portada","category-primaria","tag-ed-musical"],"post_mailing_queue_ids":[],"_links":{"self":[{"href":"https:\/\/agora.xtec.cat\/escoladetermens\/wp-json\/wp\/v2\/posts\/5022","targetHints":{"allow":["GET"]}}],"collection":[{"href":"https:\/\/agora.xtec.cat\/escoladetermens\/wp-json\/wp\/v2\/posts"}],"about":[{"href":"https:\/\/agora.xtec.cat\/escoladetermens\/wp-json\/wp\/v2\/types\/post"}],"author":[{"embeddable":true,"href":"https:\/\/agora.xtec.cat\/escoladetermens\/wp-json\/wp\/v2\/users\/1"}],"replies":[{"embeddable":true,"href":"https:\/\/agora.xtec.cat\/escoladetermens\/wp-json\/wp\/v2\/comments?post=5022"}],"version-history":[{"count":1,"href":"https:\/\/agora.xtec.cat\/escoladetermens\/wp-json\/wp\/v2\/posts\/5022\/revisions"}],"predecessor-version":[{"id":5024,"href":"https:\/\/agora.xtec.cat\/escoladetermens\/wp-json\/wp\/v2\/posts\/5022\/revisions\/5024"}],"wp:featuredmedia":[{"embeddable":true,"href":"https:\/\/agora.xtec.cat\/escoladetermens\/wp-json\/wp\/v2\/media\/5023"}],"wp:attachment":[{"href":"https:\/\/agora.xtec.cat\/escoladetermens\/wp-json\/wp\/v2\/media?parent=5022"}],"wp:term":[{"taxonomy":"category","embeddable":true,"href":"https:\/\/agora.xtec.cat\/escoladetermens\/wp-json\/wp\/v2\/categories?post=5022"},{"taxonomy":"post_tag","embeddable":true,"href":"https:\/\/agora.xtec.cat\/escoladetermens\/wp-json\/wp\/v2\/tags?post=5022"}],"curies":[{"name":"wp","href":"https:\/\/api.w.org\/{rel}","templated":true}]}}