{"id":4912,"date":"2021-01-22T10:06:45","date_gmt":"2021-01-22T09:06:45","guid":{"rendered":"http:\/\/agora.xtec.cat\/escoladetermens\/?p=4912"},"modified":"2021-01-22T10:06:45","modified_gmt":"2021-01-22T09:06:45","slug":"conte-que-contaras-45","status":"publish","type":"post","link":"https:\/\/agora.xtec.cat\/escoladetermens\/portada\/conte-que-contaras-45\/","title":{"rendered":"CONTE QUE CONTAR\u00c0S&#8230;"},"content":{"rendered":"<p>Aquesta setmana la Soraya ens ha explicat un conte: Punxet, l&#8217;eri\u00e7\u00f3.<\/p>\n<p><a href=\"https:\/\/agora.xtec.cat\/escoladetermens\/wp-content\/uploads\/usu1845\/2021\/01\/Disseny-sense-t\u00edtol.jpg\"><img loading=\"lazy\" decoding=\"async\" class=\"alignnone size-full wp-image-4913\" src=\"https:\/\/agora.xtec.cat\/escoladetermens\/wp-content\/uploads\/usu1845\/2021\/01\/Disseny-sense-t\u00edtol.jpg\" alt=\"\" width=\"940\" height=\"788\" srcset=\"https:\/\/agora.xtec.cat\/escoladetermens\/wp-content\/uploads\/usu1845\/2021\/01\/Disseny-sense-t\u00edtol.jpg 940w, https:\/\/agora.xtec.cat\/escoladetermens\/wp-content\/uploads\/usu1845\/2021\/01\/Disseny-sense-t\u00edtol-300x250.jpg 300w, https:\/\/agora.xtec.cat\/escoladetermens\/wp-content\/uploads\/usu1845\/2021\/01\/Disseny-sense-t\u00edtol-768x644.jpg 768w\" sizes=\"auto, (max-width: 940px) 100vw, 940px\" \/><\/a><\/p>\n","protected":false},"excerpt":{"rendered":"<p>Aquesta setmana la Soraya ens ha explicat un conte: Punxet, l&#8217;eri\u00e7\u00f3.<br \/>\n<a href=\"https:\/\/agora.xtec.cat\/escoladetermens\/wp-content\/uploads\/usu1845\/2021\/01\/Disseny-sense-t\u00edtol.jpg\"><\/a><\/p>\n","protected":false},"author":1,"featured_media":0,"comment_status":"open","ping_status":"closed","sticky":false,"template":"","format":"standard","meta":{"_bbp_topic_count":0,"_bbp_reply_count":0,"_bbp_total_topic_count":0,"_bbp_total_reply_count":0,"_bbp_voice_count":0,"_bbp_anonymous_reply_count":0,"_bbp_topic_count_hidden":0,"_bbp_reply_count_hidden":0,"_bbp_forum_subforum_count":0,"footnotes":""},"categories":[10,4,5],"tags":[170],"class_list":["post-4912","post","type-post","status-publish","format-standard","hentry","category-2n","category-portada","category-primaria","tag-competencia-linguistica"],"post_mailing_queue_ids":[],"_links":{"self":[{"href":"https:\/\/agora.xtec.cat\/escoladetermens\/wp-json\/wp\/v2\/posts\/4912","targetHints":{"allow":["GET"]}}],"collection":[{"href":"https:\/\/agora.xtec.cat\/escoladetermens\/wp-json\/wp\/v2\/posts"}],"about":[{"href":"https:\/\/agora.xtec.cat\/escoladetermens\/wp-json\/wp\/v2\/types\/post"}],"author":[{"embeddable":true,"href":"https:\/\/agora.xtec.cat\/escoladetermens\/wp-json\/wp\/v2\/users\/1"}],"replies":[{"embeddable":true,"href":"https:\/\/agora.xtec.cat\/escoladetermens\/wp-json\/wp\/v2\/comments?post=4912"}],"version-history":[{"count":1,"href":"https:\/\/agora.xtec.cat\/escoladetermens\/wp-json\/wp\/v2\/posts\/4912\/revisions"}],"predecessor-version":[{"id":4914,"href":"https:\/\/agora.xtec.cat\/escoladetermens\/wp-json\/wp\/v2\/posts\/4912\/revisions\/4914"}],"wp:attachment":[{"href":"https:\/\/agora.xtec.cat\/escoladetermens\/wp-json\/wp\/v2\/media?parent=4912"}],"wp:term":[{"taxonomy":"category","embeddable":true,"href":"https:\/\/agora.xtec.cat\/escoladetermens\/wp-json\/wp\/v2\/categories?post=4912"},{"taxonomy":"post_tag","embeddable":true,"href":"https:\/\/agora.xtec.cat\/escoladetermens\/wp-json\/wp\/v2\/tags?post=4912"}],"curies":[{"name":"wp","href":"https:\/\/api.w.org\/{rel}","templated":true}]}}