{"id":4871,"date":"2021-01-19T12:46:24","date_gmt":"2021-01-19T11:46:24","guid":{"rendered":"http:\/\/agora.xtec.cat\/escoladetermens\/?p=4871"},"modified":"2021-01-19T12:46:24","modified_gmt":"2021-01-19T11:46:24","slug":"radio-conversa-12","status":"publish","type":"post","link":"https:\/\/agora.xtec.cat\/escoladetermens\/general\/radio-conversa-12\/","title":{"rendered":"R\u00c0DIO CONVERSA"},"content":{"rendered":"<p>Avui l&#8217;Aurembiaix i l&#8217;Armin ens han vingut a parlar de la Festa Major! Dem\u00e0 \u00e9s St Sebasti\u00e0. I l&#8217;Alguer i la Mireia han triat un tema de debat molt interessant: videojocs vs jocs f\u00edsics.<\/p>\n<p>A m\u00e9s a m\u00e9s us han preparat <a href=\"https:\/\/forms.gle\/Y7sNZoYxjX471Cvt9\">un formulari<\/a> per esbrinar que preferiu.<\/p>\n<p><iframe loading=\"lazy\" title=\"Conversa 19 de gener by Escola Alfred Potrony\" width=\"500\" height=\"400\" scrolling=\"no\" frameborder=\"no\" src=\"https:\/\/w.soundcloud.com\/player\/?visual=true&#038;url=https%3A%2F%2Fapi.soundcloud.com%2Ftracks%2F968443687&#038;show_artwork=true&#038;maxheight=750&#038;maxwidth=500&#038;secret_token=s-hdHtabok4e4\"><\/iframe><\/p>\n","protected":false},"excerpt":{"rendered":"<p>Avui l&#8217;Aurembiaix i l&#8217;Armin ens han vingut a parlar de la Festa Major! Dem\u00e0 \u00e9s St Sebasti\u00e0. I l&#8217;Alguer i la Mireia han triat un tema de debat molt interessant: videojocs vs jocs f\u00edsics.<br \/>\nA m\u00e9s a m\u00e9s us han preparat <a href=\"https:\/\/forms.gle\/Y7sNZoYxjX471Cvt9\">un formulari<\/a> per esbrinar&hellip;  <a href=\"https:\/\/agora.xtec.cat\/escoladetermens\/general\/radio-conversa-12\/\" title=\"Read R\u00c0DIO CONVERSA\">Llegeix m\u00e9s\u00bb<\/a><\/p>\n","protected":false},"author":1,"featured_media":0,"comment_status":"open","ping_status":"closed","sticky":false,"template":"","format":"standard","meta":{"_bbp_topic_count":0,"_bbp_reply_count":0,"_bbp_total_topic_count":0,"_bbp_total_reply_count":0,"_bbp_voice_count":0,"_bbp_anonymous_reply_count":0,"_bbp_topic_count_hidden":0,"_bbp_reply_count_hidden":0,"_bbp_forum_subforum_count":0,"footnotes":""},"categories":[14,15,108,1,4,5],"tags":[133],"class_list":["post-4871","post","type-post","status-publish","format-standard","hentry","category-5e","category-6e","category-aula-carles-capdevila","category-general","category-portada","category-primaria","tag-radio-piruli"],"post_mailing_queue_ids":[],"_links":{"self":[{"href":"https:\/\/agora.xtec.cat\/escoladetermens\/wp-json\/wp\/v2\/posts\/4871","targetHints":{"allow":["GET"]}}],"collection":[{"href":"https:\/\/agora.xtec.cat\/escoladetermens\/wp-json\/wp\/v2\/posts"}],"about":[{"href":"https:\/\/agora.xtec.cat\/escoladetermens\/wp-json\/wp\/v2\/types\/post"}],"author":[{"embeddable":true,"href":"https:\/\/agora.xtec.cat\/escoladetermens\/wp-json\/wp\/v2\/users\/1"}],"replies":[{"embeddable":true,"href":"https:\/\/agora.xtec.cat\/escoladetermens\/wp-json\/wp\/v2\/comments?post=4871"}],"version-history":[{"count":2,"href":"https:\/\/agora.xtec.cat\/escoladetermens\/wp-json\/wp\/v2\/posts\/4871\/revisions"}],"predecessor-version":[{"id":4873,"href":"https:\/\/agora.xtec.cat\/escoladetermens\/wp-json\/wp\/v2\/posts\/4871\/revisions\/4873"}],"wp:attachment":[{"href":"https:\/\/agora.xtec.cat\/escoladetermens\/wp-json\/wp\/v2\/media?parent=4871"}],"wp:term":[{"taxonomy":"category","embeddable":true,"href":"https:\/\/agora.xtec.cat\/escoladetermens\/wp-json\/wp\/v2\/categories?post=4871"},{"taxonomy":"post_tag","embeddable":true,"href":"https:\/\/agora.xtec.cat\/escoladetermens\/wp-json\/wp\/v2\/tags?post=4871"}],"curies":[{"name":"wp","href":"https:\/\/api.w.org\/{rel}","templated":true}]}}