{"id":4862,"date":"2021-01-15T15:02:28","date_gmt":"2021-01-15T14:02:28","guid":{"rendered":"http:\/\/agora.xtec.cat\/escoladetermens\/?p=4862"},"modified":"2021-01-15T16:00:38","modified_gmt":"2021-01-15T15:00:38","slug":"radio-piruli-39","status":"publish","type":"post","link":"https:\/\/agora.xtec.cat\/escoladetermens\/portada\/radio-piruli-39\/","title":{"rendered":"R\u00c0DIO PIRULI"},"content":{"rendered":"<p>Doncs s\u00ed, tornem a engegar tot el mecanisme de la r\u00e0dio!<\/p>\n<p>Aquesta setmana han practicat com a locutores la Caterina i l&#8217;Ainara. I com a DJ&#8217;s el Robert i el Jan.<\/p>\n<p><iframe loading=\"lazy\" title=\"15 de gener by Escola Alfred Potrony\" width=\"500\" height=\"400\" scrolling=\"no\" frameborder=\"no\" src=\"https:\/\/w.soundcloud.com\/player\/?visual=true&#038;url=https%3A%2F%2Fapi.soundcloud.com%2Ftracks%2F966173767&#038;show_artwork=true&#038;maxheight=750&#038;maxwidth=500&#038;secret_token=s-YHm6JQJ9DCi\"><\/iframe><\/p>\n","protected":false},"excerpt":{"rendered":"<p>Doncs s\u00ed, tornem a engegar tot el mecanisme de la r\u00e0dio!<br \/>\nAquesta setmana han practicat com a locutores la Caterina i l&#8217;Ainara. I com a DJ&#8217;s el Robert i el Jan.<\/p>\n","protected":false},"author":1,"featured_media":0,"comment_status":"open","ping_status":"closed","sticky":false,"template":"","format":"standard","meta":{"_bbp_topic_count":0,"_bbp_reply_count":0,"_bbp_total_topic_count":0,"_bbp_total_reply_count":0,"_bbp_voice_count":0,"_bbp_anonymous_reply_count":0,"_bbp_topic_count_hidden":0,"_bbp_reply_count_hidden":0,"_bbp_forum_subforum_count":0,"footnotes":""},"categories":[12,108,4,5],"tags":[184],"class_list":["post-4862","post","type-post","status-publish","format-standard","hentry","category-4t","category-aula-carles-capdevila","category-portada","category-primaria","tag-radio-a-lescola"],"post_mailing_queue_ids":[],"_links":{"self":[{"href":"https:\/\/agora.xtec.cat\/escoladetermens\/wp-json\/wp\/v2\/posts\/4862","targetHints":{"allow":["GET"]}}],"collection":[{"href":"https:\/\/agora.xtec.cat\/escoladetermens\/wp-json\/wp\/v2\/posts"}],"about":[{"href":"https:\/\/agora.xtec.cat\/escoladetermens\/wp-json\/wp\/v2\/types\/post"}],"author":[{"embeddable":true,"href":"https:\/\/agora.xtec.cat\/escoladetermens\/wp-json\/wp\/v2\/users\/1"}],"replies":[{"embeddable":true,"href":"https:\/\/agora.xtec.cat\/escoladetermens\/wp-json\/wp\/v2\/comments?post=4862"}],"version-history":[{"count":1,"href":"https:\/\/agora.xtec.cat\/escoladetermens\/wp-json\/wp\/v2\/posts\/4862\/revisions"}],"predecessor-version":[{"id":4863,"href":"https:\/\/agora.xtec.cat\/escoladetermens\/wp-json\/wp\/v2\/posts\/4862\/revisions\/4863"}],"wp:attachment":[{"href":"https:\/\/agora.xtec.cat\/escoladetermens\/wp-json\/wp\/v2\/media?parent=4862"}],"wp:term":[{"taxonomy":"category","embeddable":true,"href":"https:\/\/agora.xtec.cat\/escoladetermens\/wp-json\/wp\/v2\/categories?post=4862"},{"taxonomy":"post_tag","embeddable":true,"href":"https:\/\/agora.xtec.cat\/escoladetermens\/wp-json\/wp\/v2\/tags?post=4862"}],"curies":[{"name":"wp","href":"https:\/\/api.w.org\/{rel}","templated":true}]}}