{"id":4682,"date":"2020-11-17T13:10:50","date_gmt":"2020-11-17T12:10:50","guid":{"rendered":"http:\/\/agora.xtec.cat\/escoladetermens\/?p=4682"},"modified":"2020-11-17T13:10:50","modified_gmt":"2020-11-17T12:10:50","slug":"excursio-cicle-mitja","status":"publish","type":"post","link":"https:\/\/agora.xtec.cat\/escoladetermens\/portada\/excursio-cicle-mitja\/","title":{"rendered":"EXCURSI\u00d3 CICLE MITJ\u00c0"},"content":{"rendered":"<p>Dilluns 16, tots els alumnes de CM vam anar d&#8217;excursi\u00f3 al CdA de la Noguera, a Sant Lloren\u00e7 de Montgai. Vam fer tallers relacionats amb la prehist\u00f2ria: vam fer d&#8217;arque\u00f2legs excavant al jaciment a la recerca de restes i vam trobar ossos, eines de s\u00edlex, petxines&#8230; un munt de coses que despr\u00e9s vam saber per a qu\u00e8 servien. A la tarda vam fer un taller de pintura rupestre i un de m\u00fasica. Tot va ser molt interessant!<\/p>\n<p><a href=\"https:\/\/photos.app.goo.gl\/pgtgTV1bXGkPv8Rx8\"><img loading=\"lazy\" decoding=\"async\" class=\"alignnone size-large wp-image-4683\" src=\"https:\/\/agora.xtec.cat\/escoladetermens\/wp-content\/uploads\/usu1845\/2020\/11\/IMPLICAT-1-1024x1024.jpg\" alt=\"\" width=\"1024\" height=\"1024\" srcset=\"https:\/\/agora.xtec.cat\/escoladetermens\/wp-content\/uploads\/usu1845\/2020\/11\/IMPLICAT-1-1024x1024.jpg 1024w, https:\/\/agora.xtec.cat\/escoladetermens\/wp-content\/uploads\/usu1845\/2020\/11\/IMPLICAT-1-150x150.jpg 150w, https:\/\/agora.xtec.cat\/escoladetermens\/wp-content\/uploads\/usu1845\/2020\/11\/IMPLICAT-1-300x300.jpg 300w, https:\/\/agora.xtec.cat\/escoladetermens\/wp-content\/uploads\/usu1845\/2020\/11\/IMPLICAT-1-768x768.jpg 768w, https:\/\/agora.xtec.cat\/escoladetermens\/wp-content\/uploads\/usu1845\/2020\/11\/IMPLICAT-1.jpg 1080w\" sizes=\"auto, (max-width: 1024px) 100vw, 1024px\" \/><\/a><\/p>\n<p>&nbsp;<\/p>\n","protected":false},"excerpt":{"rendered":"<p>Dilluns 16, tots els alumnes de CM vam anar d&#8217;excursi\u00f3 al CdA de la Noguera, a Sant Lloren\u00e7 de Montgai. Vam fer tallers relacionats amb la prehist\u00f2ria: vam fer d&#8217;arque\u00f2legs excavant al jaciment a la recerca de restes i vam trobar ossos, eines de s\u00edlex,&hellip;  <a href=\"https:\/\/agora.xtec.cat\/escoladetermens\/portada\/excursio-cicle-mitja\/\" title=\"Read EXCURSI\u00d3 CICLE MITJ\u00c0\">Llegeix m\u00e9s\u00bb<\/a><\/p>\n","protected":false},"author":1,"featured_media":0,"comment_status":"open","ping_status":"closed","sticky":false,"template":"","format":"standard","meta":{"_bbp_topic_count":0,"_bbp_reply_count":0,"_bbp_total_topic_count":0,"_bbp_total_reply_count":0,"_bbp_voice_count":0,"_bbp_anonymous_reply_count":0,"_bbp_topic_count_hidden":0,"_bbp_reply_count_hidden":0,"_bbp_forum_subforum_count":0,"footnotes":""},"categories":[12,4,5],"tags":[146],"class_list":["post-4682","post","type-post","status-publish","format-standard","hentry","category-4t","category-portada","category-primaria","tag-sortida"],"post_mailing_queue_ids":[],"_links":{"self":[{"href":"https:\/\/agora.xtec.cat\/escoladetermens\/wp-json\/wp\/v2\/posts\/4682","targetHints":{"allow":["GET"]}}],"collection":[{"href":"https:\/\/agora.xtec.cat\/escoladetermens\/wp-json\/wp\/v2\/posts"}],"about":[{"href":"https:\/\/agora.xtec.cat\/escoladetermens\/wp-json\/wp\/v2\/types\/post"}],"author":[{"embeddable":true,"href":"https:\/\/agora.xtec.cat\/escoladetermens\/wp-json\/wp\/v2\/users\/1"}],"replies":[{"embeddable":true,"href":"https:\/\/agora.xtec.cat\/escoladetermens\/wp-json\/wp\/v2\/comments?post=4682"}],"version-history":[{"count":1,"href":"https:\/\/agora.xtec.cat\/escoladetermens\/wp-json\/wp\/v2\/posts\/4682\/revisions"}],"predecessor-version":[{"id":4684,"href":"https:\/\/agora.xtec.cat\/escoladetermens\/wp-json\/wp\/v2\/posts\/4682\/revisions\/4684"}],"wp:attachment":[{"href":"https:\/\/agora.xtec.cat\/escoladetermens\/wp-json\/wp\/v2\/media?parent=4682"}],"wp:term":[{"taxonomy":"category","embeddable":true,"href":"https:\/\/agora.xtec.cat\/escoladetermens\/wp-json\/wp\/v2\/categories?post=4682"},{"taxonomy":"post_tag","embeddable":true,"href":"https:\/\/agora.xtec.cat\/escoladetermens\/wp-json\/wp\/v2\/tags?post=4682"}],"curies":[{"name":"wp","href":"https:\/\/api.w.org\/{rel}","templated":true}]}}