{"id":4628,"date":"2020-11-03T13:28:36","date_gmt":"2020-11-03T12:28:36","guid":{"rendered":"http:\/\/agora.xtec.cat\/escoladetermens\/?p=4628"},"modified":"2020-11-03T13:28:36","modified_gmt":"2020-11-03T12:28:36","slug":"conversa-13","status":"publish","type":"post","link":"https:\/\/agora.xtec.cat\/escoladetermens\/portada\/conversa-13\/","title":{"rendered":"CONVERSA"},"content":{"rendered":"<p>Ja tenim un nou podcast de la r\u00e0dio conversa. Els alumnes de 5\u00e8, l&#8217;Aurembiaix i el Marc, ens parlen de la procrastinaci\u00f3. Qu\u00e8 no sabeu qu\u00e8 vol dir? Doncs, escolteu-los!<\/p>\n<p><iframe loading=\"lazy\" title=\"2 de novembre, Conversa by Escola Alfred Potrony\" width=\"500\" height=\"400\" scrolling=\"no\" frameborder=\"no\" src=\"https:\/\/w.soundcloud.com\/player\/?visual=true&#038;url=https%3A%2F%2Fapi.soundcloud.com%2Ftracks%2F922581130&#038;show_artwork=true&#038;maxheight=750&#038;maxwidth=500&#038;secret_token=s-MZgtLvsBgMF\"><\/iframe><\/p>\n","protected":false},"excerpt":{"rendered":"<p>Ja tenim un nou podcast de la r\u00e0dio conversa. Els alumnes de 5\u00e8, l&#8217;Aurembiaix i el Marc, ens parlen de la procrastinaci\u00f3. Qu\u00e8 no sabeu qu\u00e8 vol dir? Doncs, escolteu-los!<\/p>\n","protected":false},"author":1,"featured_media":0,"comment_status":"open","ping_status":"closed","sticky":false,"template":"","format":"standard","meta":{"_bbp_topic_count":0,"_bbp_reply_count":0,"_bbp_total_topic_count":0,"_bbp_total_reply_count":0,"_bbp_voice_count":0,"_bbp_anonymous_reply_count":0,"_bbp_topic_count_hidden":0,"_bbp_reply_count_hidden":0,"_bbp_forum_subforum_count":0,"footnotes":""},"categories":[14,108,4,5],"tags":[195],"class_list":["post-4628","post","type-post","status-publish","format-standard","hentry","category-5e","category-aula-carles-capdevila","category-portada","category-primaria","tag-radio-conversa"],"post_mailing_queue_ids":[],"_links":{"self":[{"href":"https:\/\/agora.xtec.cat\/escoladetermens\/wp-json\/wp\/v2\/posts\/4628","targetHints":{"allow":["GET"]}}],"collection":[{"href":"https:\/\/agora.xtec.cat\/escoladetermens\/wp-json\/wp\/v2\/posts"}],"about":[{"href":"https:\/\/agora.xtec.cat\/escoladetermens\/wp-json\/wp\/v2\/types\/post"}],"author":[{"embeddable":true,"href":"https:\/\/agora.xtec.cat\/escoladetermens\/wp-json\/wp\/v2\/users\/1"}],"replies":[{"embeddable":true,"href":"https:\/\/agora.xtec.cat\/escoladetermens\/wp-json\/wp\/v2\/comments?post=4628"}],"version-history":[{"count":1,"href":"https:\/\/agora.xtec.cat\/escoladetermens\/wp-json\/wp\/v2\/posts\/4628\/revisions"}],"predecessor-version":[{"id":4629,"href":"https:\/\/agora.xtec.cat\/escoladetermens\/wp-json\/wp\/v2\/posts\/4628\/revisions\/4629"}],"wp:attachment":[{"href":"https:\/\/agora.xtec.cat\/escoladetermens\/wp-json\/wp\/v2\/media?parent=4628"}],"wp:term":[{"taxonomy":"category","embeddable":true,"href":"https:\/\/agora.xtec.cat\/escoladetermens\/wp-json\/wp\/v2\/categories?post=4628"},{"taxonomy":"post_tag","embeddable":true,"href":"https:\/\/agora.xtec.cat\/escoladetermens\/wp-json\/wp\/v2\/tags?post=4628"}],"curies":[{"name":"wp","href":"https:\/\/api.w.org\/{rel}","templated":true}]}}