{"id":4543,"date":"2020-10-20T13:07:13","date_gmt":"2020-10-20T11:07:13","guid":{"rendered":"http:\/\/agora.xtec.cat\/escoladetermens\/?p=4543"},"modified":"2020-10-20T13:07:13","modified_gmt":"2020-10-20T11:07:13","slug":"radio-piruli-27","status":"publish","type":"post","link":"https:\/\/agora.xtec.cat\/escoladetermens\/portada\/radio-piruli-27\/","title":{"rendered":"R\u00c0DIO PIRULI"},"content":{"rendered":"<p>Avui en el podcast de conversa tenim a l&#8217;Am\u00e0lia i al Mon parlant de l&#8217;efecte camale\u00f3! Voleu saber qu\u00e8 \u00e9s? Doncs escolteu-los!<\/p>\n<p><iframe loading=\"lazy\" title=\"20 d&#039;octubre by Escola Alfred Potrony\" width=\"500\" height=\"400\" scrolling=\"no\" frameborder=\"no\" src=\"https:\/\/w.soundcloud.com\/player\/?visual=true&#038;url=https%3A%2F%2Fapi.soundcloud.com%2Ftracks%2F914708563&#038;show_artwork=true&#038;maxheight=750&#038;maxwidth=500&#038;secret_token=s-f9FdX3kbdz5\"><\/iframe><\/p>\n","protected":false},"excerpt":{"rendered":"<p>Avui en el podcast de conversa tenim a l&#8217;Am\u00e0lia i al Mon parlant de l&#8217;efecte camale\u00f3! Voleu saber qu\u00e8 \u00e9s? Doncs escolteu-los!<\/p>\n","protected":false},"author":1,"featured_media":0,"comment_status":"open","ping_status":"closed","sticky":false,"template":"","format":"standard","meta":{"_bbp_topic_count":0,"_bbp_reply_count":0,"_bbp_total_topic_count":0,"_bbp_total_reply_count":0,"_bbp_voice_count":0,"_bbp_anonymous_reply_count":0,"_bbp_topic_count_hidden":0,"_bbp_reply_count_hidden":0,"_bbp_forum_subforum_count":0,"footnotes":""},"categories":[14,108,4,5],"tags":[195],"class_list":["post-4543","post","type-post","status-publish","format-standard","hentry","category-5e","category-aula-carles-capdevila","category-portada","category-primaria","tag-radio-conversa"],"post_mailing_queue_ids":[],"_links":{"self":[{"href":"https:\/\/agora.xtec.cat\/escoladetermens\/wp-json\/wp\/v2\/posts\/4543","targetHints":{"allow":["GET"]}}],"collection":[{"href":"https:\/\/agora.xtec.cat\/escoladetermens\/wp-json\/wp\/v2\/posts"}],"about":[{"href":"https:\/\/agora.xtec.cat\/escoladetermens\/wp-json\/wp\/v2\/types\/post"}],"author":[{"embeddable":true,"href":"https:\/\/agora.xtec.cat\/escoladetermens\/wp-json\/wp\/v2\/users\/1"}],"replies":[{"embeddable":true,"href":"https:\/\/agora.xtec.cat\/escoladetermens\/wp-json\/wp\/v2\/comments?post=4543"}],"version-history":[{"count":1,"href":"https:\/\/agora.xtec.cat\/escoladetermens\/wp-json\/wp\/v2\/posts\/4543\/revisions"}],"predecessor-version":[{"id":4544,"href":"https:\/\/agora.xtec.cat\/escoladetermens\/wp-json\/wp\/v2\/posts\/4543\/revisions\/4544"}],"wp:attachment":[{"href":"https:\/\/agora.xtec.cat\/escoladetermens\/wp-json\/wp\/v2\/media?parent=4543"}],"wp:term":[{"taxonomy":"category","embeddable":true,"href":"https:\/\/agora.xtec.cat\/escoladetermens\/wp-json\/wp\/v2\/categories?post=4543"},{"taxonomy":"post_tag","embeddable":true,"href":"https:\/\/agora.xtec.cat\/escoladetermens\/wp-json\/wp\/v2\/tags?post=4543"}],"curies":[{"name":"wp","href":"https:\/\/api.w.org\/{rel}","templated":true}]}}