{"id":4517,"date":"2020-10-13T12:29:32","date_gmt":"2020-10-13T10:29:32","guid":{"rendered":"http:\/\/agora.xtec.cat\/escoladetermens\/?p=4517"},"modified":"2020-10-13T12:29:56","modified_gmt":"2020-10-13T10:29:56","slug":"radio-conversa-9","status":"publish","type":"post","link":"https:\/\/agora.xtec.cat\/escoladetermens\/general\/radio-conversa-9\/","title":{"rendered":"R\u00c0DIO CONVERSA"},"content":{"rendered":"<p>Ja tenim el nou podcast de la r\u00e0dio Piruli. Avui dos els alumnes de 5\u00e8 ens han parlat del perd\u00f3 (l&#8217;Ariadna i el Lluc). I dos alumnes de 6\u00e8, la Sara i l&#8217;Alguer, han fet un debat sobre rodes!<\/p>\n<p><iframe loading=\"lazy\" title=\"R\u00e0dio Conversa, 13 d&#039;octubre by escola de T\u00e9rmens\" width=\"500\" height=\"400\" scrolling=\"no\" frameborder=\"no\" src=\"https:\/\/w.soundcloud.com\/player\/?visual=true&#038;url=https%3A%2F%2Fapi.soundcloud.com%2Ftracks%2F909726757&#038;show_artwork=true&#038;maxheight=750&#038;maxwidth=500&#038;secret_token=s-mC7fZBP6NhR\"><\/iframe><\/p>\n<p>Si els heu escoltat podeu emplenar un <a href=\"https:\/\/forms.gle\/izNUs4bJzWChzDZo8\">mini q\u00fcestionari.<\/a><\/p>\n<p>&nbsp;<\/p>\n","protected":false},"excerpt":{"rendered":"<p>Ja tenim el nou podcast de la r\u00e0dio Piruli. Avui dos els alumnes de 5\u00e8 ens han parlat del perd\u00f3 (l&#8217;Ariadna i el Lluc). I dos alumnes de 6\u00e8, la Sara i l&#8217;Alguer, han fet un debat sobre rodes!<\/p>\n<p>Si els heu escoltat podeu emplenar un&hellip;  <a href=\"https:\/\/agora.xtec.cat\/escoladetermens\/general\/radio-conversa-9\/\" title=\"Read R\u00c0DIO CONVERSA\">Llegeix m\u00e9s\u00bb<\/a><\/p>\n","protected":false},"author":1,"featured_media":0,"comment_status":"open","ping_status":"closed","sticky":false,"template":"","format":"standard","meta":{"_bbp_topic_count":0,"_bbp_reply_count":0,"_bbp_total_topic_count":0,"_bbp_total_reply_count":0,"_bbp_voice_count":0,"_bbp_anonymous_reply_count":0,"_bbp_topic_count_hidden":0,"_bbp_reply_count_hidden":0,"_bbp_forum_subforum_count":0,"footnotes":""},"categories":[14,15,108,1,4,5],"tags":[195],"class_list":["post-4517","post","type-post","status-publish","format-standard","hentry","category-5e","category-6e","category-aula-carles-capdevila","category-general","category-portada","category-primaria","tag-radio-conversa"],"post_mailing_queue_ids":[],"_links":{"self":[{"href":"https:\/\/agora.xtec.cat\/escoladetermens\/wp-json\/wp\/v2\/posts\/4517","targetHints":{"allow":["GET"]}}],"collection":[{"href":"https:\/\/agora.xtec.cat\/escoladetermens\/wp-json\/wp\/v2\/posts"}],"about":[{"href":"https:\/\/agora.xtec.cat\/escoladetermens\/wp-json\/wp\/v2\/types\/post"}],"author":[{"embeddable":true,"href":"https:\/\/agora.xtec.cat\/escoladetermens\/wp-json\/wp\/v2\/users\/1"}],"replies":[{"embeddable":true,"href":"https:\/\/agora.xtec.cat\/escoladetermens\/wp-json\/wp\/v2\/comments?post=4517"}],"version-history":[{"count":3,"href":"https:\/\/agora.xtec.cat\/escoladetermens\/wp-json\/wp\/v2\/posts\/4517\/revisions"}],"predecessor-version":[{"id":4521,"href":"https:\/\/agora.xtec.cat\/escoladetermens\/wp-json\/wp\/v2\/posts\/4517\/revisions\/4521"}],"wp:attachment":[{"href":"https:\/\/agora.xtec.cat\/escoladetermens\/wp-json\/wp\/v2\/media?parent=4517"}],"wp:term":[{"taxonomy":"category","embeddable":true,"href":"https:\/\/agora.xtec.cat\/escoladetermens\/wp-json\/wp\/v2\/categories?post=4517"},{"taxonomy":"post_tag","embeddable":true,"href":"https:\/\/agora.xtec.cat\/escoladetermens\/wp-json\/wp\/v2\/tags?post=4517"}],"curies":[{"name":"wp","href":"https:\/\/api.w.org\/{rel}","templated":true}]}}