{"id":4435,"date":"2020-09-22T12:53:50","date_gmt":"2020-09-22T10:53:50","guid":{"rendered":"http:\/\/agora.xtec.cat\/escoladetermens\/?p=4435"},"modified":"2020-09-22T12:55:03","modified_gmt":"2020-09-22T10:55:03","slug":"conversa-12","status":"publish","type":"post","link":"https:\/\/agora.xtec.cat\/escoladetermens\/portada\/conversa-12\/","title":{"rendered":"CONVERSA"},"content":{"rendered":"<p>1r dia del programa de conversa dels alumnes de cicle superior. Avui, la Dorothy i el Jordi de cinqu\u00e8 han intentat portar una conversa sobre l&#8217;emoci\u00f3 de l&#8217;alegria i la Jordina i la Mireia de sis\u00e8 un debat. \u00c9s el primer dia i aix\u00f2 de parlar mantenint una conversa no \u00e9s tan f\u00e0cil! Per\u00f2 ho aprendrem!<\/p>\n<p><iframe loading=\"lazy\" title=\"Conversa i debat 1 (curs 20-21) by escola de T\u00e9rmens\" width=\"500\" height=\"400\" scrolling=\"no\" frameborder=\"no\" src=\"https:\/\/w.soundcloud.com\/player\/?visual=true&#038;url=https%3A%2F%2Fapi.soundcloud.com%2Ftracks%2F897501601&#038;show_artwork=true&#038;maxheight=750&#038;maxwidth=500&#038;secret_token=s-0rGvdJL1hij\"><\/iframe><\/p>\n","protected":false},"excerpt":{"rendered":"<p>1r dia del programa de conversa dels alumnes de cicle superior. Avui, la Dorothy i el Jordi de cinqu\u00e8 han intentat portar una conversa sobre l&#8217;emoci\u00f3 de l&#8217;alegria i la Jordina i la Mireia de sis\u00e8 un debat. \u00c9s el primer dia i aix\u00f2 de&hellip;  <a href=\"https:\/\/agora.xtec.cat\/escoladetermens\/portada\/conversa-12\/\" title=\"Read CONVERSA\">Llegeix m\u00e9s\u00bb<\/a><\/p>\n","protected":false},"author":1,"featured_media":0,"comment_status":"open","ping_status":"closed","sticky":false,"template":"","format":"standard","meta":{"_bbp_topic_count":0,"_bbp_reply_count":0,"_bbp_total_topic_count":0,"_bbp_total_reply_count":0,"_bbp_voice_count":0,"_bbp_anonymous_reply_count":0,"_bbp_topic_count_hidden":0,"_bbp_reply_count_hidden":0,"_bbp_forum_subforum_count":0,"footnotes":""},"categories":[14,15,108,4],"tags":[195],"class_list":["post-4435","post","type-post","status-publish","format-standard","hentry","category-5e","category-6e","category-aula-carles-capdevila","category-portada","tag-radio-conversa"],"post_mailing_queue_ids":[],"_links":{"self":[{"href":"https:\/\/agora.xtec.cat\/escoladetermens\/wp-json\/wp\/v2\/posts\/4435","targetHints":{"allow":["GET"]}}],"collection":[{"href":"https:\/\/agora.xtec.cat\/escoladetermens\/wp-json\/wp\/v2\/posts"}],"about":[{"href":"https:\/\/agora.xtec.cat\/escoladetermens\/wp-json\/wp\/v2\/types\/post"}],"author":[{"embeddable":true,"href":"https:\/\/agora.xtec.cat\/escoladetermens\/wp-json\/wp\/v2\/users\/1"}],"replies":[{"embeddable":true,"href":"https:\/\/agora.xtec.cat\/escoladetermens\/wp-json\/wp\/v2\/comments?post=4435"}],"version-history":[{"count":2,"href":"https:\/\/agora.xtec.cat\/escoladetermens\/wp-json\/wp\/v2\/posts\/4435\/revisions"}],"predecessor-version":[{"id":4437,"href":"https:\/\/agora.xtec.cat\/escoladetermens\/wp-json\/wp\/v2\/posts\/4435\/revisions\/4437"}],"wp:attachment":[{"href":"https:\/\/agora.xtec.cat\/escoladetermens\/wp-json\/wp\/v2\/media?parent=4435"}],"wp:term":[{"taxonomy":"category","embeddable":true,"href":"https:\/\/agora.xtec.cat\/escoladetermens\/wp-json\/wp\/v2\/categories?post=4435"},{"taxonomy":"post_tag","embeddable":true,"href":"https:\/\/agora.xtec.cat\/escoladetermens\/wp-json\/wp\/v2\/tags?post=4435"}],"curies":[{"name":"wp","href":"https:\/\/api.w.org\/{rel}","templated":true}]}}