{"id":4404,"date":"2020-09-15T16:24:59","date_gmt":"2020-09-15T14:24:59","guid":{"rendered":"http:\/\/agora.xtec.cat\/escoladetermens\/?p=4404"},"modified":"2020-09-15T16:24:59","modified_gmt":"2020-09-15T14:24:59","slug":"que-necessitem","status":"publish","type":"post","link":"https:\/\/agora.xtec.cat\/escoladetermens\/portada\/que-necessitem\/","title":{"rendered":"QU\u00c8 NECESSITEM?"},"content":{"rendered":"<p>Avui, tots els alumnes de prim\u00e0ria, han fet una primera activitat d&#8217;educaci\u00f3 emocional. A partir de la par\u00e0bola de l&#8217;eri\u00e7\u00f3 han parlat de quines s\u00f3n les seves necessitats personals per sentir-se segur i poder aprendre el m\u00e0xim possible.<\/p>\n<p><a href=\"https:\/\/photos.app.goo.gl\/SJfy7gi3cJdVTokx8\"><img loading=\"lazy\" decoding=\"async\" class=\"alignnone size-large wp-image-4405\" src=\"https:\/\/agora.xtec.cat\/escoladetermens\/wp-content\/uploads\/usu1845\/2020\/09\/IMPLICAT-1-1-1024x1024.jpg\" alt=\"\" width=\"1024\" height=\"1024\" srcset=\"https:\/\/agora.xtec.cat\/escoladetermens\/wp-content\/uploads\/usu1845\/2020\/09\/IMPLICAT-1-1-1024x1024.jpg 1024w, https:\/\/agora.xtec.cat\/escoladetermens\/wp-content\/uploads\/usu1845\/2020\/09\/IMPLICAT-1-1-150x150.jpg 150w, https:\/\/agora.xtec.cat\/escoladetermens\/wp-content\/uploads\/usu1845\/2020\/09\/IMPLICAT-1-1-300x300.jpg 300w, https:\/\/agora.xtec.cat\/escoladetermens\/wp-content\/uploads\/usu1845\/2020\/09\/IMPLICAT-1-1-768x768.jpg 768w, https:\/\/agora.xtec.cat\/escoladetermens\/wp-content\/uploads\/usu1845\/2020\/09\/IMPLICAT-1-1.jpg 1080w\" sizes=\"auto, (max-width: 1024px) 100vw, 1024px\" \/><\/a><\/p>\n","protected":false},"excerpt":{"rendered":"<p>Avui, tots els alumnes de prim\u00e0ria, han fet una primera activitat d&#8217;educaci\u00f3 emocional. A partir de la par\u00e0bola de l&#8217;eri\u00e7\u00f3 han parlat de quines s\u00f3n les seves necessitats personals per sentir-se segur i poder aprendre el m\u00e0xim possible.<br \/>\n<a href=\"https:\/\/photos.app.goo.gl\/SJfy7gi3cJdVTokx8\"><\/a><\/p>\n","protected":false},"author":1,"featured_media":0,"comment_status":"open","ping_status":"closed","sticky":false,"template":"","format":"standard","meta":{"_bbp_topic_count":0,"_bbp_reply_count":0,"_bbp_total_topic_count":0,"_bbp_total_reply_count":0,"_bbp_voice_count":0,"_bbp_anonymous_reply_count":0,"_bbp_topic_count_hidden":0,"_bbp_reply_count_hidden":0,"_bbp_forum_subforum_count":0,"footnotes":""},"categories":[10,11,12,14,15,4,5],"tags":[74,297],"class_list":["post-4404","post","type-post","status-publish","format-standard","hentry","category-2n","category-3r","category-4t","category-5e","category-6e","category-portada","category-primaria","tag-ed-emocional","tag-erico"],"post_mailing_queue_ids":[],"_links":{"self":[{"href":"https:\/\/agora.xtec.cat\/escoladetermens\/wp-json\/wp\/v2\/posts\/4404","targetHints":{"allow":["GET"]}}],"collection":[{"href":"https:\/\/agora.xtec.cat\/escoladetermens\/wp-json\/wp\/v2\/posts"}],"about":[{"href":"https:\/\/agora.xtec.cat\/escoladetermens\/wp-json\/wp\/v2\/types\/post"}],"author":[{"embeddable":true,"href":"https:\/\/agora.xtec.cat\/escoladetermens\/wp-json\/wp\/v2\/users\/1"}],"replies":[{"embeddable":true,"href":"https:\/\/agora.xtec.cat\/escoladetermens\/wp-json\/wp\/v2\/comments?post=4404"}],"version-history":[{"count":1,"href":"https:\/\/agora.xtec.cat\/escoladetermens\/wp-json\/wp\/v2\/posts\/4404\/revisions"}],"predecessor-version":[{"id":4406,"href":"https:\/\/agora.xtec.cat\/escoladetermens\/wp-json\/wp\/v2\/posts\/4404\/revisions\/4406"}],"wp:attachment":[{"href":"https:\/\/agora.xtec.cat\/escoladetermens\/wp-json\/wp\/v2\/media?parent=4404"}],"wp:term":[{"taxonomy":"category","embeddable":true,"href":"https:\/\/agora.xtec.cat\/escoladetermens\/wp-json\/wp\/v2\/categories?post=4404"},{"taxonomy":"post_tag","embeddable":true,"href":"https:\/\/agora.xtec.cat\/escoladetermens\/wp-json\/wp\/v2\/tags?post=4404"}],"curies":[{"name":"wp","href":"https:\/\/api.w.org\/{rel}","templated":true}]}}