{"id":4397,"date":"2020-09-10T11:44:07","date_gmt":"2020-09-10T09:44:07","guid":{"rendered":"http:\/\/agora.xtec.cat\/escoladetermens\/?p=4397"},"modified":"2020-09-10T11:44:07","modified_gmt":"2020-09-10T09:44:07","slug":"important","status":"publish","type":"post","link":"https:\/\/agora.xtec.cat\/escoladetermens\/portada\/important\/","title":{"rendered":"IMPORTANT!!"},"content":{"rendered":"<p>Ja ho tenim tot a punt! Comencem un nou curs escolar amb moltes ganes! I vosaltres?<\/p>\n<p>El primer dia, a part de la il\u00b7lusi\u00f3, recordeu que cal portar la <strong>declaraci\u00f3 responsable<\/strong>!<\/p>\n<p><a href=\"https:\/\/agora.xtec.cat\/escoladetermens\/wp-content\/uploads\/usu1845\/bp-attachments\/4308\/declaraci\u00f3-responsable-fam\u00edlies-infantil.pdf\">INFANTIL<\/a><\/p>\n<p><a href=\"https:\/\/agora.xtec.cat\/escoladetermens\/wp-content\/uploads\/usu1845\/bp-attachments\/4313\/Declaraci\u00f3-responsable-fam\u00edlies-prim\u00e0ria.pdf\">PRIM\u00c0RIA<\/a><\/p>\n<p>I us recomanem llegir aquest article:<\/p>\n<h3 class=\"title \"><a href=\"https:\/\/www.lavanguardia.com\/magazine\/buena-vida\/20200906\/32889\/miedos-padres-miedos-hijos.html\">C\u00f3mo superar el miedo al contagio: la valent\u00eda como principio educativo para ni\u00f1os y padres<\/a><\/h3>\n","protected":false},"excerpt":{"rendered":"<p>Ja ho tenim tot a punt! Comencem un nou curs escolar amb moltes ganes! I vosaltres?<br \/>\nEl primer dia, a part de la il\u00b7lusi\u00f3, recordeu que cal portar la declaraci\u00f3 responsable!<br \/>\n<a href=\"https:\/\/agora.xtec.cat\/escoladetermens\/wp-content\/uploads\/usu1845\/bp-attachments\/4308\/declaraci\u00f3-responsable-fam\u00edlies-infantil.pdf\">INFANTIL<\/a><br \/>\n<a href=\"https:\/\/agora.xtec.cat\/escoladetermens\/wp-content\/uploads\/usu1845\/bp-attachments\/4313\/Declaraci\u00f3-responsable-fam\u00edlies-prim\u00e0ria.pdf\">PRIM\u00c0RIA<\/a><br \/>\nI us recomanem llegir aquest article:<br \/>\n<a href=\"https:\/\/www.lavanguardia.com\/magazine\/buena-vida\/20200906\/32889\/miedos-padres-miedos-hijos.html\">C\u00f3mo superar el miedo al contagio: la valent\u00eda&hellip;  <a href=\"https:\/\/agora.xtec.cat\/escoladetermens\/portada\/important\/\" title=\"Read IMPORTANT!!\">Llegeix m\u00e9s\u00bb<\/a><\/p>\n","protected":false},"author":1,"featured_media":0,"comment_status":"open","ping_status":"closed","sticky":false,"template":"","format":"standard","meta":{"_bbp_topic_count":0,"_bbp_reply_count":0,"_bbp_total_topic_count":0,"_bbp_total_reply_count":0,"_bbp_voice_count":0,"_bbp_anonymous_reply_count":0,"_bbp_topic_count_hidden":0,"_bbp_reply_count_hidden":0,"_bbp_forum_subforum_count":0,"footnotes":""},"categories":[4],"tags":[],"class_list":["post-4397","post","type-post","status-publish","format-standard","hentry","category-portada"],"post_mailing_queue_ids":[],"_links":{"self":[{"href":"https:\/\/agora.xtec.cat\/escoladetermens\/wp-json\/wp\/v2\/posts\/4397","targetHints":{"allow":["GET"]}}],"collection":[{"href":"https:\/\/agora.xtec.cat\/escoladetermens\/wp-json\/wp\/v2\/posts"}],"about":[{"href":"https:\/\/agora.xtec.cat\/escoladetermens\/wp-json\/wp\/v2\/types\/post"}],"author":[{"embeddable":true,"href":"https:\/\/agora.xtec.cat\/escoladetermens\/wp-json\/wp\/v2\/users\/1"}],"replies":[{"embeddable":true,"href":"https:\/\/agora.xtec.cat\/escoladetermens\/wp-json\/wp\/v2\/comments?post=4397"}],"version-history":[{"count":1,"href":"https:\/\/agora.xtec.cat\/escoladetermens\/wp-json\/wp\/v2\/posts\/4397\/revisions"}],"predecessor-version":[{"id":4398,"href":"https:\/\/agora.xtec.cat\/escoladetermens\/wp-json\/wp\/v2\/posts\/4397\/revisions\/4398"}],"wp:attachment":[{"href":"https:\/\/agora.xtec.cat\/escoladetermens\/wp-json\/wp\/v2\/media?parent=4397"}],"wp:term":[{"taxonomy":"category","embeddable":true,"href":"https:\/\/agora.xtec.cat\/escoladetermens\/wp-json\/wp\/v2\/categories?post=4397"},{"taxonomy":"post_tag","embeddable":true,"href":"https:\/\/agora.xtec.cat\/escoladetermens\/wp-json\/wp\/v2\/tags?post=4397"}],"curies":[{"name":"wp","href":"https:\/\/api.w.org\/{rel}","templated":true}]}}