{"id":4239,"date":"2020-06-06T11:39:59","date_gmt":"2020-06-06T09:39:59","guid":{"rendered":"http:\/\/agora.xtec.cat\/escoladetermens\/?p=4239"},"modified":"2020-06-08T00:55:15","modified_gmt":"2020-06-07T22:55:15","slug":"no-ens-desdibuixeu","status":"publish","type":"post","link":"https:\/\/agora.xtec.cat\/escoladetermens\/portada\/no-ens-desdibuixeu\/","title":{"rendered":"NO ENS DESDIBUIXEU"},"content":{"rendered":"<p>Ahir, des dels balcons, tots junts vam cantar la can\u00e7\u00f3 &#8220;No ens desdibuixeu&#8221;. Suman-nos aix\u00ed a la campanya &#8220;Dona la nota, encara hi som a temps&#8221;.<\/p>\n<p><iframe loading=\"lazy\" title=\"No ens desdibuixeu\" width=\"500\" height=\"281\" src=\"https:\/\/www.youtube.com\/embed\/qhVGrx8aLHk?feature=oembed\" frameborder=\"0\" allow=\"accelerometer; autoplay; clipboard-write; encrypted-media; gyroscope; picture-in-picture; web-share\" referrerpolicy=\"strict-origin-when-cross-origin\" allowfullscreen><\/iframe><\/p>\n","protected":false},"excerpt":{"rendered":"<p>Ahir, des dels balcons, tots junts vam cantar la can\u00e7\u00f3 &#8220;No ens desdibuixeu&#8221;. Suman-nos aix\u00ed a la campanya &#8220;Dona la nota, encara hi som a temps&#8221;.<\/p>\n","protected":false},"author":1,"featured_media":4240,"comment_status":"open","ping_status":"closed","sticky":false,"template":"","format":"standard","meta":{"_bbp_topic_count":0,"_bbp_reply_count":0,"_bbp_total_topic_count":0,"_bbp_total_reply_count":0,"_bbp_voice_count":0,"_bbp_anonymous_reply_count":0,"_bbp_topic_count_hidden":0,"_bbp_reply_count_hidden":0,"_bbp_forum_subforum_count":0,"footnotes":""},"categories":[93,4],"tags":[294],"class_list":["post-4239","post","type-post","status-publish","format-standard","has-post-thumbnail","hentry","category-musica","category-portada","tag-donalanota2020"],"post_mailing_queue_ids":[],"_links":{"self":[{"href":"https:\/\/agora.xtec.cat\/escoladetermens\/wp-json\/wp\/v2\/posts\/4239","targetHints":{"allow":["GET"]}}],"collection":[{"href":"https:\/\/agora.xtec.cat\/escoladetermens\/wp-json\/wp\/v2\/posts"}],"about":[{"href":"https:\/\/agora.xtec.cat\/escoladetermens\/wp-json\/wp\/v2\/types\/post"}],"author":[{"embeddable":true,"href":"https:\/\/agora.xtec.cat\/escoladetermens\/wp-json\/wp\/v2\/users\/1"}],"replies":[{"embeddable":true,"href":"https:\/\/agora.xtec.cat\/escoladetermens\/wp-json\/wp\/v2\/comments?post=4239"}],"version-history":[{"count":2,"href":"https:\/\/agora.xtec.cat\/escoladetermens\/wp-json\/wp\/v2\/posts\/4239\/revisions"}],"predecessor-version":[{"id":4243,"href":"https:\/\/agora.xtec.cat\/escoladetermens\/wp-json\/wp\/v2\/posts\/4239\/revisions\/4243"}],"wp:featuredmedia":[{"embeddable":true,"href":"https:\/\/agora.xtec.cat\/escoladetermens\/wp-json\/wp\/v2\/media\/4240"}],"wp:attachment":[{"href":"https:\/\/agora.xtec.cat\/escoladetermens\/wp-json\/wp\/v2\/media?parent=4239"}],"wp:term":[{"taxonomy":"category","embeddable":true,"href":"https:\/\/agora.xtec.cat\/escoladetermens\/wp-json\/wp\/v2\/categories?post=4239"},{"taxonomy":"post_tag","embeddable":true,"href":"https:\/\/agora.xtec.cat\/escoladetermens\/wp-json\/wp\/v2\/tags?post=4239"}],"curies":[{"name":"wp","href":"https:\/\/api.w.org\/{rel}","templated":true}]}}