{"id":4221,"date":"2020-06-04T13:18:34","date_gmt":"2020-06-04T11:18:34","guid":{"rendered":"http:\/\/agora.xtec.cat\/escoladetermens\/?p=4221"},"modified":"2020-06-04T13:18:34","modified_gmt":"2020-06-04T11:18:34","slug":"dia-mundial-del-medi-ambient","status":"publish","type":"post","link":"https:\/\/agora.xtec.cat\/escoladetermens\/portada\/dia-mundial-del-medi-ambient\/","title":{"rendered":"DIA MUNDIAL DEL MEDI AMBIENT"},"content":{"rendered":"<p>Aquest curs hem treballat tot un projecte sobre el canvi clim\u00e0tic, hem pres consci\u00e8ncia, hem fet canvis en el nostre dia dia, ens hem comprom\u00e8s amb un dec\u00e0leg&#8230; i dem\u00e0, 5 de juny, \u00a0A LES 12:00H ens sumem amb la cantada de la can\u00e7\u00f3 NO ENS DESDIBUIXEU des del balc\u00f3 de cada casa!<\/p>\n<p><a href=\"https:\/\/projectes.xtec.cat\/encara-hi-som-a-temps\/cantem-no-ens-desdibuixeu\/\"><img loading=\"lazy\" decoding=\"async\" class=\"alignnone size-large wp-image-4222\" src=\"https:\/\/agora.xtec.cat\/escoladetermens\/wp-content\/uploads\/usu1845\/2020\/06\/Captura-de-pantalla-2020-06-04-a-las-13.01.42-1024x724.png\" alt=\"\" width=\"1024\" height=\"724\" srcset=\"https:\/\/agora.xtec.cat\/escoladetermens\/wp-content\/uploads\/usu1845\/2020\/06\/Captura-de-pantalla-2020-06-04-a-las-13.01.42-1024x724.png 1024w, https:\/\/agora.xtec.cat\/escoladetermens\/wp-content\/uploads\/usu1845\/2020\/06\/Captura-de-pantalla-2020-06-04-a-las-13.01.42-300x212.png 300w, https:\/\/agora.xtec.cat\/escoladetermens\/wp-content\/uploads\/usu1845\/2020\/06\/Captura-de-pantalla-2020-06-04-a-las-13.01.42-768x543.png 768w, https:\/\/agora.xtec.cat\/escoladetermens\/wp-content\/uploads\/usu1845\/2020\/06\/Captura-de-pantalla-2020-06-04-a-las-13.01.42.png 1180w\" sizes=\"auto, (max-width: 1024px) 100vw, 1024px\" \/><\/a><\/p>\n<p>&nbsp;<\/p>\n","protected":false},"excerpt":{"rendered":"<p>Aquest curs hem treballat tot un projecte sobre el canvi clim\u00e0tic, hem pres consci\u00e8ncia, hem fet canvis en el nostre dia dia, ens hem comprom\u00e8s amb un dec\u00e0leg&#8230; i dem\u00e0, 5 de juny, \u00a0A LES 12:00H ens sumem amb la cantada de la can\u00e7\u00f3 NO&hellip;  <a href=\"https:\/\/agora.xtec.cat\/escoladetermens\/portada\/dia-mundial-del-medi-ambient\/\" title=\"Read DIA MUNDIAL DEL MEDI AMBIENT\">Llegeix m\u00e9s\u00bb<\/a><\/p>\n","protected":false},"author":1,"featured_media":0,"comment_status":"open","ping_status":"closed","sticky":false,"template":"","format":"standard","meta":{"_bbp_topic_count":0,"_bbp_reply_count":0,"_bbp_total_topic_count":0,"_bbp_total_reply_count":0,"_bbp_voice_count":0,"_bbp_anonymous_reply_count":0,"_bbp_topic_count_hidden":0,"_bbp_reply_count_hidden":0,"_bbp_forum_subforum_count":0,"footnotes":""},"categories":[93,4],"tags":[294],"class_list":["post-4221","post","type-post","status-publish","format-standard","hentry","category-musica","category-portada","tag-donalanota2020"],"post_mailing_queue_ids":[],"_links":{"self":[{"href":"https:\/\/agora.xtec.cat\/escoladetermens\/wp-json\/wp\/v2\/posts\/4221","targetHints":{"allow":["GET"]}}],"collection":[{"href":"https:\/\/agora.xtec.cat\/escoladetermens\/wp-json\/wp\/v2\/posts"}],"about":[{"href":"https:\/\/agora.xtec.cat\/escoladetermens\/wp-json\/wp\/v2\/types\/post"}],"author":[{"embeddable":true,"href":"https:\/\/agora.xtec.cat\/escoladetermens\/wp-json\/wp\/v2\/users\/1"}],"replies":[{"embeddable":true,"href":"https:\/\/agora.xtec.cat\/escoladetermens\/wp-json\/wp\/v2\/comments?post=4221"}],"version-history":[{"count":1,"href":"https:\/\/agora.xtec.cat\/escoladetermens\/wp-json\/wp\/v2\/posts\/4221\/revisions"}],"predecessor-version":[{"id":4223,"href":"https:\/\/agora.xtec.cat\/escoladetermens\/wp-json\/wp\/v2\/posts\/4221\/revisions\/4223"}],"wp:attachment":[{"href":"https:\/\/agora.xtec.cat\/escoladetermens\/wp-json\/wp\/v2\/media?parent=4221"}],"wp:term":[{"taxonomy":"category","embeddable":true,"href":"https:\/\/agora.xtec.cat\/escoladetermens\/wp-json\/wp\/v2\/categories?post=4221"},{"taxonomy":"post_tag","embeddable":true,"href":"https:\/\/agora.xtec.cat\/escoladetermens\/wp-json\/wp\/v2\/tags?post=4221"}],"curies":[{"name":"wp","href":"https:\/\/api.w.org\/{rel}","templated":true}]}}