{"id":3581,"date":"2020-04-23T15:56:58","date_gmt":"2020-04-23T13:56:58","guid":{"rendered":"http:\/\/agora.xtec.cat\/escoladetermens\/?p=3581"},"modified":"2020-04-23T15:56:58","modified_gmt":"2020-04-23T13:56:58","slug":"mes-recomanacions-2","status":"publish","type":"post","link":"https:\/\/agora.xtec.cat\/escoladetermens\/portada\/mes-recomanacions-2\/","title":{"rendered":"M\u00c9S RECOMANACIONS!"},"content":{"rendered":"<p><span style=\"font-size: small;\">Us recomanem aquesta pel\u00b7l\u00edcula\u00a0 de Sant Jordi, de producci\u00f3 pr\u00f2pia i recomanada a partir de set anys. \u00a0<\/span><\/p>\n<p><span style=\"font-size: small;\">Migmetratge de ficci\u00f3 de producci\u00f3 pr\u00f2pia. Dirigit per Orna i protagonitzat per Jordi Subir\u00e0, Ferran Frauca i Jasmina Garcia. El film t\u00e9 una durada de 45\u2032 i recrea de manera fidedigna i extensa aquesta conegud\u00edssima llegenda. Es va rodar en comarques gironines i es va estrenar la diada de Sant Jordi de 2014.<\/span><\/p>\n<p><a href=\"http:\/\/portaaudiovisual.cat\/projectes\/la-llegenda-de-sant-jordi\"><img loading=\"lazy\" decoding=\"async\" class=\"alignnone size-large wp-image-3582\" src=\"https:\/\/agora.xtec.cat\/escoladetermens\/wp-content\/uploads\/usu1845\/2020\/04\/Captura-de-pantalla-2020-04-23-a-las-15.54.42-1024x407.png\" alt=\"\" width=\"1024\" height=\"407\" srcset=\"https:\/\/agora.xtec.cat\/escoladetermens\/wp-content\/uploads\/usu1845\/2020\/04\/Captura-de-pantalla-2020-04-23-a-las-15.54.42-1024x407.png 1024w, https:\/\/agora.xtec.cat\/escoladetermens\/wp-content\/uploads\/usu1845\/2020\/04\/Captura-de-pantalla-2020-04-23-a-las-15.54.42-300x119.png 300w, https:\/\/agora.xtec.cat\/escoladetermens\/wp-content\/uploads\/usu1845\/2020\/04\/Captura-de-pantalla-2020-04-23-a-las-15.54.42-768x305.png 768w, https:\/\/agora.xtec.cat\/escoladetermens\/wp-content\/uploads\/usu1845\/2020\/04\/Captura-de-pantalla-2020-04-23-a-las-15.54.42.png 1672w\" sizes=\"auto, (max-width: 1024px) 100vw, 1024px\" \/><\/a><\/p>\n<div>\n<div class=\"gmail_quote\">\n<div dir=\"ltr\"><\/div>\n<div>\u00a0Esperem que us agradi, la podeu comentar amb els companys\/es i senyoretes.<\/div>\n<\/div>\n<\/div>\n","protected":false},"excerpt":{"rendered":"<p>Us recomanem aquesta pel\u00b7l\u00edcula\u00a0 de Sant Jordi, de producci\u00f3 pr\u00f2pia i recomanada a partir de set anys. \u00a0<br \/>\nMigmetratge de ficci\u00f3 de producci\u00f3 pr\u00f2pia. Dirigit per Orna i protagonitzat per Jordi Subir\u00e0, Ferran Frauca i Jasmina Garcia. El film t\u00e9 una durada de 45\u2032 i recrea&hellip;  <a href=\"https:\/\/agora.xtec.cat\/escoladetermens\/portada\/mes-recomanacions-2\/\" title=\"Read M\u00c9S RECOMANACIONS!\">Llegeix m\u00e9s\u00bb<\/a><\/p>\n","protected":false},"author":1,"featured_media":0,"comment_status":"open","ping_status":"closed","sticky":false,"template":"","format":"standard","meta":{"_bbp_topic_count":0,"_bbp_reply_count":0,"_bbp_total_topic_count":0,"_bbp_total_reply_count":0,"_bbp_voice_count":0,"_bbp_anonymous_reply_count":0,"_bbp_topic_count_hidden":0,"_bbp_reply_count_hidden":0,"_bbp_forum_subforum_count":0,"footnotes":""},"categories":[4],"tags":[],"class_list":["post-3581","post","type-post","status-publish","format-standard","hentry","category-portada"],"post_mailing_queue_ids":[],"_links":{"self":[{"href":"https:\/\/agora.xtec.cat\/escoladetermens\/wp-json\/wp\/v2\/posts\/3581","targetHints":{"allow":["GET"]}}],"collection":[{"href":"https:\/\/agora.xtec.cat\/escoladetermens\/wp-json\/wp\/v2\/posts"}],"about":[{"href":"https:\/\/agora.xtec.cat\/escoladetermens\/wp-json\/wp\/v2\/types\/post"}],"author":[{"embeddable":true,"href":"https:\/\/agora.xtec.cat\/escoladetermens\/wp-json\/wp\/v2\/users\/1"}],"replies":[{"embeddable":true,"href":"https:\/\/agora.xtec.cat\/escoladetermens\/wp-json\/wp\/v2\/comments?post=3581"}],"version-history":[{"count":1,"href":"https:\/\/agora.xtec.cat\/escoladetermens\/wp-json\/wp\/v2\/posts\/3581\/revisions"}],"predecessor-version":[{"id":3583,"href":"https:\/\/agora.xtec.cat\/escoladetermens\/wp-json\/wp\/v2\/posts\/3581\/revisions\/3583"}],"wp:attachment":[{"href":"https:\/\/agora.xtec.cat\/escoladetermens\/wp-json\/wp\/v2\/media?parent=3581"}],"wp:term":[{"taxonomy":"category","embeddable":true,"href":"https:\/\/agora.xtec.cat\/escoladetermens\/wp-json\/wp\/v2\/categories?post=3581"},{"taxonomy":"post_tag","embeddable":true,"href":"https:\/\/agora.xtec.cat\/escoladetermens\/wp-json\/wp\/v2\/tags?post=3581"}],"curies":[{"name":"wp","href":"https:\/\/api.w.org\/{rel}","templated":true}]}}