{"id":3577,"date":"2020-04-23T12:43:15","date_gmt":"2020-04-23T10:43:15","guid":{"rendered":"http:\/\/agora.xtec.cat\/escoladetermens\/?p=3577"},"modified":"2020-04-23T12:43:15","modified_gmt":"2020-04-23T10:43:15","slug":"ed-fisica-virtual","status":"publish","type":"post","link":"https:\/\/agora.xtec.cat\/escoladetermens\/portada\/ed-fisica-virtual\/","title":{"rendered":"ED. F\u00cdSICA VIRTUAL"},"content":{"rendered":"<p>Aquesta setmana els alumnes m\u00e9s grans de l&#8217;escola han pogut fer classe d&#8217;ed. f\u00edsica. Poc a poc anirem incorporant a la resta. En forma!!<\/p>\n<p><a href=\"https:\/\/agora.xtec.cat\/escoladetermens\/wp-content\/uploads\/usu1845\/2020\/04\/IMG_9802-e1587638410488.jpg\"><img loading=\"lazy\" decoding=\"async\" class=\"alignnone size-large wp-image-3579\" src=\"https:\/\/agora.xtec.cat\/escoladetermens\/wp-content\/uploads\/usu1845\/2020\/04\/IMG_9802-e1587638410488-1024x768.jpg\" alt=\"\" width=\"1024\" height=\"768\" srcset=\"https:\/\/agora.xtec.cat\/escoladetermens\/wp-content\/uploads\/usu1845\/2020\/04\/IMG_9802-e1587638410488-1024x768.jpg 1024w, https:\/\/agora.xtec.cat\/escoladetermens\/wp-content\/uploads\/usu1845\/2020\/04\/IMG_9802-e1587638410488-300x225.jpg 300w, https:\/\/agora.xtec.cat\/escoladetermens\/wp-content\/uploads\/usu1845\/2020\/04\/IMG_9802-e1587638410488-768x576.jpg 768w, https:\/\/agora.xtec.cat\/escoladetermens\/wp-content\/uploads\/usu1845\/2020\/04\/IMG_9802-e1587638410488-200x150.jpg 200w\" sizes=\"auto, (max-width: 1024px) 100vw, 1024px\" \/><\/a><\/p>\n<p><a href=\"https:\/\/agora.xtec.cat\/escoladetermens\/wp-content\/uploads\/usu1845\/2020\/04\/IMG_9025-e1587638379995.jpg\"><img loading=\"lazy\" decoding=\"async\" class=\"alignnone size-large wp-image-3578\" src=\"https:\/\/agora.xtec.cat\/escoladetermens\/wp-content\/uploads\/usu1845\/2020\/04\/IMG_9025-e1587638379995-1024x768.jpg\" alt=\"\" width=\"1024\" height=\"768\" srcset=\"https:\/\/agora.xtec.cat\/escoladetermens\/wp-content\/uploads\/usu1845\/2020\/04\/IMG_9025-e1587638379995-1024x768.jpg 1024w, https:\/\/agora.xtec.cat\/escoladetermens\/wp-content\/uploads\/usu1845\/2020\/04\/IMG_9025-e1587638379995-300x225.jpg 300w, https:\/\/agora.xtec.cat\/escoladetermens\/wp-content\/uploads\/usu1845\/2020\/04\/IMG_9025-e1587638379995-768x576.jpg 768w, https:\/\/agora.xtec.cat\/escoladetermens\/wp-content\/uploads\/usu1845\/2020\/04\/IMG_9025-e1587638379995-200x150.jpg 200w\" sizes=\"auto, (max-width: 1024px) 100vw, 1024px\" \/><\/a><\/p>\n","protected":false},"excerpt":{"rendered":"<p>Aquesta setmana els alumnes m\u00e9s grans de l&#8217;escola han pogut fer classe d&#8217;ed. f\u00edsica. Poc a poc anirem incorporant a la resta. En forma!!<br \/>\n<a href=\"https:\/\/agora.xtec.cat\/escoladetermens\/wp-content\/uploads\/usu1845\/2020\/04\/IMG_9802-e1587638410488.jpg\"><\/a><br \/>\n<a href=\"https:\/\/agora.xtec.cat\/escoladetermens\/wp-content\/uploads\/usu1845\/2020\/04\/IMG_9025-e1587638379995.jpg\"><\/a><\/p>\n","protected":false},"author":1,"featured_media":0,"comment_status":"open","ping_status":"closed","sticky":false,"template":"","format":"standard","meta":{"_bbp_topic_count":0,"_bbp_reply_count":0,"_bbp_total_topic_count":0,"_bbp_total_reply_count":0,"_bbp_voice_count":0,"_bbp_anonymous_reply_count":0,"_bbp_topic_count_hidden":0,"_bbp_reply_count_hidden":0,"_bbp_forum_subforum_count":0,"footnotes":""},"categories":[83,4],"tags":[293],"class_list":["post-3577","post","type-post","status-publish","format-standard","hentry","category-ed-fisica","category-portada","tag-joemquedoacasa"],"post_mailing_queue_ids":[],"_links":{"self":[{"href":"https:\/\/agora.xtec.cat\/escoladetermens\/wp-json\/wp\/v2\/posts\/3577","targetHints":{"allow":["GET"]}}],"collection":[{"href":"https:\/\/agora.xtec.cat\/escoladetermens\/wp-json\/wp\/v2\/posts"}],"about":[{"href":"https:\/\/agora.xtec.cat\/escoladetermens\/wp-json\/wp\/v2\/types\/post"}],"author":[{"embeddable":true,"href":"https:\/\/agora.xtec.cat\/escoladetermens\/wp-json\/wp\/v2\/users\/1"}],"replies":[{"embeddable":true,"href":"https:\/\/agora.xtec.cat\/escoladetermens\/wp-json\/wp\/v2\/comments?post=3577"}],"version-history":[{"count":1,"href":"https:\/\/agora.xtec.cat\/escoladetermens\/wp-json\/wp\/v2\/posts\/3577\/revisions"}],"predecessor-version":[{"id":3580,"href":"https:\/\/agora.xtec.cat\/escoladetermens\/wp-json\/wp\/v2\/posts\/3577\/revisions\/3580"}],"wp:attachment":[{"href":"https:\/\/agora.xtec.cat\/escoladetermens\/wp-json\/wp\/v2\/media?parent=3577"}],"wp:term":[{"taxonomy":"category","embeddable":true,"href":"https:\/\/agora.xtec.cat\/escoladetermens\/wp-json\/wp\/v2\/categories?post=3577"},{"taxonomy":"post_tag","embeddable":true,"href":"https:\/\/agora.xtec.cat\/escoladetermens\/wp-json\/wp\/v2\/tags?post=3577"}],"curies":[{"name":"wp","href":"https:\/\/api.w.org\/{rel}","templated":true}]}}