{"id":3363,"date":"2020-04-02T14:44:25","date_gmt":"2020-04-02T12:44:25","guid":{"rendered":"http:\/\/agora.xtec.cat\/escoladetermens\/?p=3363"},"modified":"2020-04-02T14:44:25","modified_gmt":"2020-04-02T12:44:25","slug":"fem-esport-a-casa","status":"publish","type":"post","link":"https:\/\/agora.xtec.cat\/escoladetermens\/portada\/fem-esport-a-casa\/","title":{"rendered":"# FEM ESPORT A CASA"},"content":{"rendered":"<p>La Fundaci\u00f3 Catalana per l&#8217;esport hem engegat la campanya #FemEsportACasa a trav\u00e9s d\u2019Instagram, amb l\u2019objectiu que, tot i el confinament obligatori per prevenir el COVID-19, la gent continu\u00ef fent 30 minuts d\u2019activitat f\u00edsica al dia, seguint les recomanacions de la OMS, tot i que en aquest cas ho hagin de fer des de casa.<br \/>\nEl funcionament de la campanya \u00e9s molt senzill:<br \/>\n. Fes-te una foto practicant esport<br \/>\n.\u00a0Utilitza el hastagh #femesportacasa<br \/>\n. Segueix i etiqueta a instagram a @fundaciocatalanaperalesport<br \/>\n. Els participants entraran\u00a0al sorteig setmanal d&#8217;un kit per a fer esport a casa<br \/>\nEns agradaria que ens ajud\u00e9ssiu a fer difusi\u00f3 de la campanya i aix\u00ed puguem arribar a la m\u00e0xima gent possible i intentar entre tots que tothom s\u2019animi a passar aquests dies de la manera m\u00e9s esportiva i saludable possible i convertir l&#8217;activitat f\u00edsica regular en una estrat\u00e8gia per actuar enfront del confinament.<\/p>\n<p><img loading=\"lazy\" decoding=\"async\" src=\"https:\/\/mcusercontent.com\/568e941c35cb5dd47322f4b72\/images\/0d3abed5-b785-4588-870f-f31a60334a98.jpeg\" width=\"2048\" height=\"2048\" \/><\/p>\n","protected":false},"excerpt":{"rendered":"<p>La Fundaci\u00f3 Catalana per l&#8217;esport hem engegat la campanya #FemEsportACasa a trav\u00e9s d\u2019Instagram, amb l\u2019objectiu que, tot i el confinament obligatori per prevenir el COVID-19, la gent continu\u00ef fent 30 minuts d\u2019activitat f\u00edsica al dia, seguint les recomanacions de la OMS, tot i que en&hellip;  <a href=\"https:\/\/agora.xtec.cat\/escoladetermens\/portada\/fem-esport-a-casa\/\" title=\"Read # FEM ESPORT A CASA\">Llegeix m\u00e9s\u00bb<\/a><\/p>\n","protected":false},"author":1,"featured_media":3365,"comment_status":"open","ping_status":"closed","sticky":false,"template":"","format":"standard","meta":{"_bbp_topic_count":0,"_bbp_reply_count":0,"_bbp_total_topic_count":0,"_bbp_total_reply_count":0,"_bbp_voice_count":0,"_bbp_anonymous_reply_count":0,"_bbp_topic_count_hidden":0,"_bbp_reply_count_hidden":0,"_bbp_forum_subforum_count":0,"footnotes":""},"categories":[83,4],"tags":[],"class_list":["post-3363","post","type-post","status-publish","format-standard","has-post-thumbnail","hentry","category-ed-fisica","category-portada"],"post_mailing_queue_ids":[],"_links":{"self":[{"href":"https:\/\/agora.xtec.cat\/escoladetermens\/wp-json\/wp\/v2\/posts\/3363","targetHints":{"allow":["GET"]}}],"collection":[{"href":"https:\/\/agora.xtec.cat\/escoladetermens\/wp-json\/wp\/v2\/posts"}],"about":[{"href":"https:\/\/agora.xtec.cat\/escoladetermens\/wp-json\/wp\/v2\/types\/post"}],"author":[{"embeddable":true,"href":"https:\/\/agora.xtec.cat\/escoladetermens\/wp-json\/wp\/v2\/users\/1"}],"replies":[{"embeddable":true,"href":"https:\/\/agora.xtec.cat\/escoladetermens\/wp-json\/wp\/v2\/comments?post=3363"}],"version-history":[{"count":1,"href":"https:\/\/agora.xtec.cat\/escoladetermens\/wp-json\/wp\/v2\/posts\/3363\/revisions"}],"predecessor-version":[{"id":3364,"href":"https:\/\/agora.xtec.cat\/escoladetermens\/wp-json\/wp\/v2\/posts\/3363\/revisions\/3364"}],"wp:featuredmedia":[{"embeddable":true,"href":"https:\/\/agora.xtec.cat\/escoladetermens\/wp-json\/wp\/v2\/media\/3365"}],"wp:attachment":[{"href":"https:\/\/agora.xtec.cat\/escoladetermens\/wp-json\/wp\/v2\/media?parent=3363"}],"wp:term":[{"taxonomy":"category","embeddable":true,"href":"https:\/\/agora.xtec.cat\/escoladetermens\/wp-json\/wp\/v2\/categories?post=3363"},{"taxonomy":"post_tag","embeddable":true,"href":"https:\/\/agora.xtec.cat\/escoladetermens\/wp-json\/wp\/v2\/tags?post=3363"}],"curies":[{"name":"wp","href":"https:\/\/api.w.org\/{rel}","templated":true}]}}