{"id":3081,"date":"2020-03-02T09:28:34","date_gmt":"2020-03-02T08:28:34","guid":{"rendered":"http:\/\/agora.xtec.cat\/escoladetermens\/?p=3081"},"modified":"2020-03-02T09:31:20","modified_gmt":"2020-03-02T08:31:20","slug":"entrevista-a-un-emprenedor","status":"publish","type":"post","link":"https:\/\/agora.xtec.cat\/escoladetermens\/portada\/entrevista-a-un-emprenedor\/","title":{"rendered":"ENTREVISTA A UN EMPRENEDOR"},"content":{"rendered":"<p>Hem rebut la visita del Dani Trullols, un emprenedor de T\u00e9rmens. Ens ha explicat la seva experi\u00e8ncia com a secretari de l&#8217;associaci\u00f3 FITER que \u00e9s el nom gimn\u00e0s del poble.<a href=\"https:\/\/photos.app.goo.gl\/g1iRRGJi7byEWsCw6\"><img loading=\"lazy\" decoding=\"async\" class=\"alignnone size-full wp-image-3082\" src=\"https:\/\/agora.xtec.cat\/escoladetermens\/wp-content\/uploads\/usu1845\/2020\/03\/Disseny-sense-t\u00edtol.jpg\" alt=\"\" width=\"940\" height=\"788\" srcset=\"https:\/\/agora.xtec.cat\/escoladetermens\/wp-content\/uploads\/usu1845\/2020\/03\/Disseny-sense-t\u00edtol.jpg 940w, https:\/\/agora.xtec.cat\/escoladetermens\/wp-content\/uploads\/usu1845\/2020\/03\/Disseny-sense-t\u00edtol-300x250.jpg 300w, https:\/\/agora.xtec.cat\/escoladetermens\/wp-content\/uploads\/usu1845\/2020\/03\/Disseny-sense-t\u00edtol-768x644.jpg 768w\" sizes=\"auto, (max-width: 940px) 100vw, 940px\" \/><\/a><\/p>\n","protected":false},"excerpt":{"rendered":"<p>Hem rebut la visita del Dani Trullols, un emprenedor de T\u00e9rmens. Ens ha explicat la seva experi\u00e8ncia com a secretari de l&#8217;associaci\u00f3 FITER que \u00e9s el nom gimn\u00e0s del poble.<a href=\"https:\/\/photos.app.goo.gl\/g1iRRGJi7byEWsCw6\"><\/a><\/p>\n","protected":false},"author":1,"featured_media":0,"comment_status":"open","ping_status":"closed","sticky":false,"template":"","format":"standard","meta":{"_bbp_topic_count":0,"_bbp_reply_count":0,"_bbp_total_topic_count":0,"_bbp_total_reply_count":0,"_bbp_voice_count":0,"_bbp_anonymous_reply_count":0,"_bbp_topic_count_hidden":0,"_bbp_reply_count_hidden":0,"_bbp_forum_subforum_count":0,"footnotes":""},"categories":[14,4,5,277],"tags":[285],"class_list":["post-3081","post","type-post","status-publish","format-standard","hentry","category-5e","category-portada","category-primaria","category-projecte-fer","tag-fer"],"post_mailing_queue_ids":[],"_links":{"self":[{"href":"https:\/\/agora.xtec.cat\/escoladetermens\/wp-json\/wp\/v2\/posts\/3081","targetHints":{"allow":["GET"]}}],"collection":[{"href":"https:\/\/agora.xtec.cat\/escoladetermens\/wp-json\/wp\/v2\/posts"}],"about":[{"href":"https:\/\/agora.xtec.cat\/escoladetermens\/wp-json\/wp\/v2\/types\/post"}],"author":[{"embeddable":true,"href":"https:\/\/agora.xtec.cat\/escoladetermens\/wp-json\/wp\/v2\/users\/1"}],"replies":[{"embeddable":true,"href":"https:\/\/agora.xtec.cat\/escoladetermens\/wp-json\/wp\/v2\/comments?post=3081"}],"version-history":[{"count":1,"href":"https:\/\/agora.xtec.cat\/escoladetermens\/wp-json\/wp\/v2\/posts\/3081\/revisions"}],"predecessor-version":[{"id":3083,"href":"https:\/\/agora.xtec.cat\/escoladetermens\/wp-json\/wp\/v2\/posts\/3081\/revisions\/3083"}],"wp:attachment":[{"href":"https:\/\/agora.xtec.cat\/escoladetermens\/wp-json\/wp\/v2\/media?parent=3081"}],"wp:term":[{"taxonomy":"category","embeddable":true,"href":"https:\/\/agora.xtec.cat\/escoladetermens\/wp-json\/wp\/v2\/categories?post=3081"},{"taxonomy":"post_tag","embeddable":true,"href":"https:\/\/agora.xtec.cat\/escoladetermens\/wp-json\/wp\/v2\/tags?post=3081"}],"curies":[{"name":"wp","href":"https:\/\/api.w.org\/{rel}","templated":true}]}}