{"id":3070,"date":"2020-02-28T11:39:54","date_gmt":"2020-02-28T10:39:54","guid":{"rendered":"http:\/\/agora.xtec.cat\/escoladetermens\/?p=3070"},"modified":"2020-02-28T11:39:54","modified_gmt":"2020-02-28T10:39:54","slug":"conte-que-contaras-23","status":"publish","type":"post","link":"https:\/\/agora.xtec.cat\/escoladetermens\/portada\/conte-que-contaras-23\/","title":{"rendered":"CONTE QUE CONTAR\u00c0S"},"content":{"rendered":"<p dir=\"auto\">Avui la Maria ens ha explicat un conte molt divertit: La talpeta que volia saber qui li havia fet all\u00f2 al cap.<\/p>\n<p dir=\"auto\">Hem rigut una estona i \u00e9s que no \u00e9s d&#8217;estranyar que la talpeta vulgu\u00e9s saber qui li havia fet aquell &#8220;regal&#8221;.<\/p>\n<div dir=\"auto\"><a href=\"https:\/\/agora.xtec.cat\/escoladetermens\/wp-content\/uploads\/usu1845\/2020\/02\/PhotoGrid_1582837323371.jpg\"><img loading=\"lazy\" decoding=\"async\" class=\"alignnone size-full wp-image-3071\" src=\"https:\/\/agora.xtec.cat\/escoladetermens\/wp-content\/uploads\/usu1845\/2020\/02\/PhotoGrid_1582837323371.jpg\" alt=\"\" width=\"1024\" height=\"1024\" srcset=\"https:\/\/agora.xtec.cat\/escoladetermens\/wp-content\/uploads\/usu1845\/2020\/02\/PhotoGrid_1582837323371.jpg 1024w, https:\/\/agora.xtec.cat\/escoladetermens\/wp-content\/uploads\/usu1845\/2020\/02\/PhotoGrid_1582837323371-150x150.jpg 150w, https:\/\/agora.xtec.cat\/escoladetermens\/wp-content\/uploads\/usu1845\/2020\/02\/PhotoGrid_1582837323371-300x300.jpg 300w, https:\/\/agora.xtec.cat\/escoladetermens\/wp-content\/uploads\/usu1845\/2020\/02\/PhotoGrid_1582837323371-768x768.jpg 768w\" sizes=\"auto, (max-width: 1024px) 100vw, 1024px\" \/><\/a><\/div>\n","protected":false},"excerpt":{"rendered":"<p>Avui la Maria ens ha explicat un conte molt divertit: La talpeta que volia saber qui li havia fet all\u00f2 al cap.<br \/>\nHem rigut una estona i \u00e9s que no \u00e9s d&#8217;estranyar que la talpeta vulgu\u00e9s saber qui li havia fet aquell &#8220;regal&#8221;.<br \/>\n<a href=\"https:\/\/agora.xtec.cat\/escoladetermens\/wp-content\/uploads\/usu1845\/2020\/02\/PhotoGrid_1582837323371.jpg\"><\/a><\/p>\n","protected":false},"author":1,"featured_media":0,"comment_status":"open","ping_status":"closed","sticky":false,"template":"","format":"standard","meta":{"_bbp_topic_count":0,"_bbp_reply_count":0,"_bbp_total_topic_count":0,"_bbp_total_reply_count":0,"_bbp_voice_count":0,"_bbp_anonymous_reply_count":0,"_bbp_topic_count_hidden":0,"_bbp_reply_count_hidden":0,"_bbp_forum_subforum_count":0,"footnotes":""},"categories":[10,4,5],"tags":[132],"class_list":["post-3070","post","type-post","status-publish","format-standard","hentry","category-2n","category-portada","category-primaria","tag-gust-per-la-lectura"],"post_mailing_queue_ids":[],"_links":{"self":[{"href":"https:\/\/agora.xtec.cat\/escoladetermens\/wp-json\/wp\/v2\/posts\/3070","targetHints":{"allow":["GET"]}}],"collection":[{"href":"https:\/\/agora.xtec.cat\/escoladetermens\/wp-json\/wp\/v2\/posts"}],"about":[{"href":"https:\/\/agora.xtec.cat\/escoladetermens\/wp-json\/wp\/v2\/types\/post"}],"author":[{"embeddable":true,"href":"https:\/\/agora.xtec.cat\/escoladetermens\/wp-json\/wp\/v2\/users\/1"}],"replies":[{"embeddable":true,"href":"https:\/\/agora.xtec.cat\/escoladetermens\/wp-json\/wp\/v2\/comments?post=3070"}],"version-history":[{"count":1,"href":"https:\/\/agora.xtec.cat\/escoladetermens\/wp-json\/wp\/v2\/posts\/3070\/revisions"}],"predecessor-version":[{"id":3072,"href":"https:\/\/agora.xtec.cat\/escoladetermens\/wp-json\/wp\/v2\/posts\/3070\/revisions\/3072"}],"wp:attachment":[{"href":"https:\/\/agora.xtec.cat\/escoladetermens\/wp-json\/wp\/v2\/media?parent=3070"}],"wp:term":[{"taxonomy":"category","embeddable":true,"href":"https:\/\/agora.xtec.cat\/escoladetermens\/wp-json\/wp\/v2\/categories?post=3070"},{"taxonomy":"post_tag","embeddable":true,"href":"https:\/\/agora.xtec.cat\/escoladetermens\/wp-json\/wp\/v2\/tags?post=3070"}],"curies":[{"name":"wp","href":"https:\/\/api.w.org\/{rel}","templated":true}]}}