{"id":3044,"date":"2020-02-25T16:17:29","date_gmt":"2020-02-25T15:17:29","guid":{"rendered":"http:\/\/agora.xtec.cat\/escoladetermens\/?p=3044"},"modified":"2020-02-25T16:19:05","modified_gmt":"2020-02-25T15:19:05","slug":"barca-kids","status":"publish","type":"post","link":"https:\/\/agora.xtec.cat\/escoladetermens\/general\/barca-kids\/","title":{"rendered":"BAR\u00c7A KIDS"},"content":{"rendered":"<p>Avui,\u00a0 tot l&#8217;alumnat de prim\u00e0ria, ha pogut gaudir d&#8217;unes activitats del programa Bar\u00e7a Kids de la Fundaci\u00f3 del Bar\u00e7a. Tots han realitzat una part te\u00f2rica i una part pr\u00e0ctica treballant la tem\u00e0tica del bullying. Voleu veure algunes imatges? Cliqueu la imatge.<\/p>\n<p><a href=\"https:\/\/photos.app.goo.gl\/JsVjHyoLf2nEcgJp6\"><img loading=\"lazy\" decoding=\"async\" class=\"alignnone size-full wp-image-3045\" src=\"https:\/\/agora.xtec.cat\/escoladetermens\/wp-content\/uploads\/usu1845\/2020\/02\/barsakids.jpg\" alt=\"\" width=\"500\" height=\"295\" srcset=\"https:\/\/agora.xtec.cat\/escoladetermens\/wp-content\/uploads\/usu1845\/2020\/02\/barsakids.jpg 500w, https:\/\/agora.xtec.cat\/escoladetermens\/wp-content\/uploads\/usu1845\/2020\/02\/barsakids-300x177.jpg 300w\" sizes=\"auto, (max-width: 500px) 100vw, 500px\" \/><\/a><\/p>\n","protected":false},"excerpt":{"rendered":"<p>Avui,\u00a0 tot l&#8217;alumnat de prim\u00e0ria, ha pogut gaudir d&#8217;unes activitats del programa Bar\u00e7a Kids de la Fundaci\u00f3 del Bar\u00e7a. Tots han realitzat una part te\u00f2rica i una part pr\u00e0ctica treballant la tem\u00e0tica del bullying. Voleu veure algunes imatges? Cliqueu la imatge.<br \/>\n<a href=\"https:\/\/photos.app.goo.gl\/JsVjHyoLf2nEcgJp6\"><\/a><\/p>\n","protected":false},"author":1,"featured_media":0,"comment_status":"open","ping_status":"closed","sticky":false,"template":"","format":"standard","meta":{"_bbp_topic_count":0,"_bbp_reply_count":0,"_bbp_total_topic_count":0,"_bbp_total_reply_count":0,"_bbp_voice_count":0,"_bbp_anonymous_reply_count":0,"_bbp_topic_count_hidden":0,"_bbp_reply_count_hidden":0,"_bbp_forum_subforum_count":0,"footnotes":""},"categories":[10,11,12,14,15,83,1,4,5],"tags":[60],"class_list":["post-3044","post","type-post","status-publish","format-standard","hentry","category-2n","category-3r","category-4t","category-5e","category-6e","category-ed-fisica","category-general","category-portada","category-primaria","tag-ed-fisica"],"post_mailing_queue_ids":[],"_links":{"self":[{"href":"https:\/\/agora.xtec.cat\/escoladetermens\/wp-json\/wp\/v2\/posts\/3044","targetHints":{"allow":["GET"]}}],"collection":[{"href":"https:\/\/agora.xtec.cat\/escoladetermens\/wp-json\/wp\/v2\/posts"}],"about":[{"href":"https:\/\/agora.xtec.cat\/escoladetermens\/wp-json\/wp\/v2\/types\/post"}],"author":[{"embeddable":true,"href":"https:\/\/agora.xtec.cat\/escoladetermens\/wp-json\/wp\/v2\/users\/1"}],"replies":[{"embeddable":true,"href":"https:\/\/agora.xtec.cat\/escoladetermens\/wp-json\/wp\/v2\/comments?post=3044"}],"version-history":[{"count":3,"href":"https:\/\/agora.xtec.cat\/escoladetermens\/wp-json\/wp\/v2\/posts\/3044\/revisions"}],"predecessor-version":[{"id":3049,"href":"https:\/\/agora.xtec.cat\/escoladetermens\/wp-json\/wp\/v2\/posts\/3044\/revisions\/3049"}],"wp:attachment":[{"href":"https:\/\/agora.xtec.cat\/escoladetermens\/wp-json\/wp\/v2\/media?parent=3044"}],"wp:term":[{"taxonomy":"category","embeddable":true,"href":"https:\/\/agora.xtec.cat\/escoladetermens\/wp-json\/wp\/v2\/categories?post=3044"},{"taxonomy":"post_tag","embeddable":true,"href":"https:\/\/agora.xtec.cat\/escoladetermens\/wp-json\/wp\/v2\/tags?post=3044"}],"curies":[{"name":"wp","href":"https:\/\/api.w.org\/{rel}","templated":true}]}}