{"id":2989,"date":"2020-02-14T13:23:41","date_gmt":"2020-02-14T12:23:41","guid":{"rendered":"http:\/\/agora.xtec.cat\/escoladetermens\/?p=2989"},"modified":"2020-02-14T13:23:41","modified_gmt":"2020-02-14T12:23:41","slug":"punts-de-llibre","status":"publish","type":"post","link":"https:\/\/agora.xtec.cat\/escoladetermens\/portada\/punts-de-llibre\/","title":{"rendered":"PUNTS DE LLIBRE"},"content":{"rendered":"<p>Els alumnes de 5\u00e8 vam estar recollint fulles seques fa uns dies.l&#8230;.com ja imagin\u00e0vem ens han servit per fer unes creacions molt originals. Aqu\u00ed en teniu el resultat.<\/p>\n<p><a href=\"https:\/\/agora.xtec.cat\/escoladetermens\/wp-content\/uploads\/usu1845\/2020\/02\/20200205_151456_001-COLLAGE.jpg\"><img loading=\"lazy\" decoding=\"async\" class=\"alignnone size-large wp-image-2990\" src=\"https:\/\/agora.xtec.cat\/escoladetermens\/wp-content\/uploads\/usu1845\/2020\/02\/20200205_151456_001-COLLAGE-1024x768.jpg\" alt=\"\" width=\"1024\" height=\"768\" srcset=\"https:\/\/agora.xtec.cat\/escoladetermens\/wp-content\/uploads\/usu1845\/2020\/02\/20200205_151456_001-COLLAGE-1024x768.jpg 1024w, https:\/\/agora.xtec.cat\/escoladetermens\/wp-content\/uploads\/usu1845\/2020\/02\/20200205_151456_001-COLLAGE-300x225.jpg 300w, https:\/\/agora.xtec.cat\/escoladetermens\/wp-content\/uploads\/usu1845\/2020\/02\/20200205_151456_001-COLLAGE-768x576.jpg 768w, https:\/\/agora.xtec.cat\/escoladetermens\/wp-content\/uploads\/usu1845\/2020\/02\/20200205_151456_001-COLLAGE-200x150.jpg 200w, https:\/\/agora.xtec.cat\/escoladetermens\/wp-content\/uploads\/usu1845\/2020\/02\/20200205_151456_001-COLLAGE.jpg 1288w\" sizes=\"auto, (max-width: 1024px) 100vw, 1024px\" \/><\/a><\/p>\n","protected":false},"excerpt":{"rendered":"<p>Els alumnes de 5\u00e8 vam estar recollint fulles seques fa uns dies.l&#8230;.com ja imagin\u00e0vem ens han servit per fer unes creacions molt originals. Aqu\u00ed en teniu el resultat.<br \/>\n<a href=\"https:\/\/agora.xtec.cat\/escoladetermens\/wp-content\/uploads\/usu1845\/2020\/02\/20200205_151456_001-COLLAGE.jpg\"><\/a><\/p>\n","protected":false},"author":1,"featured_media":0,"comment_status":"open","ping_status":"closed","sticky":false,"template":"","format":"standard","meta":{"_bbp_topic_count":0,"_bbp_reply_count":0,"_bbp_total_topic_count":0,"_bbp_total_reply_count":0,"_bbp_voice_count":0,"_bbp_anonymous_reply_count":0,"_bbp_topic_count_hidden":0,"_bbp_reply_count_hidden":0,"_bbp_forum_subforum_count":0,"footnotes":""},"categories":[14,4,5],"tags":[255],"class_list":["post-2989","post","type-post","status-publish","format-standard","hentry","category-5e","category-portada","category-primaria","tag-ed-visual-i-plastica"],"post_mailing_queue_ids":[],"_links":{"self":[{"href":"https:\/\/agora.xtec.cat\/escoladetermens\/wp-json\/wp\/v2\/posts\/2989","targetHints":{"allow":["GET"]}}],"collection":[{"href":"https:\/\/agora.xtec.cat\/escoladetermens\/wp-json\/wp\/v2\/posts"}],"about":[{"href":"https:\/\/agora.xtec.cat\/escoladetermens\/wp-json\/wp\/v2\/types\/post"}],"author":[{"embeddable":true,"href":"https:\/\/agora.xtec.cat\/escoladetermens\/wp-json\/wp\/v2\/users\/1"}],"replies":[{"embeddable":true,"href":"https:\/\/agora.xtec.cat\/escoladetermens\/wp-json\/wp\/v2\/comments?post=2989"}],"version-history":[{"count":1,"href":"https:\/\/agora.xtec.cat\/escoladetermens\/wp-json\/wp\/v2\/posts\/2989\/revisions"}],"predecessor-version":[{"id":2991,"href":"https:\/\/agora.xtec.cat\/escoladetermens\/wp-json\/wp\/v2\/posts\/2989\/revisions\/2991"}],"wp:attachment":[{"href":"https:\/\/agora.xtec.cat\/escoladetermens\/wp-json\/wp\/v2\/media?parent=2989"}],"wp:term":[{"taxonomy":"category","embeddable":true,"href":"https:\/\/agora.xtec.cat\/escoladetermens\/wp-json\/wp\/v2\/categories?post=2989"},{"taxonomy":"post_tag","embeddable":true,"href":"https:\/\/agora.xtec.cat\/escoladetermens\/wp-json\/wp\/v2\/tags?post=2989"}],"curies":[{"name":"wp","href":"https:\/\/api.w.org\/{rel}","templated":true}]}}