{"id":2982,"date":"2020-02-14T13:00:13","date_gmt":"2020-02-14T12:00:13","guid":{"rendered":"http:\/\/agora.xtec.cat\/escoladetermens\/?p=2982"},"modified":"2020-02-14T13:18:50","modified_gmt":"2020-02-14T12:18:50","slug":"taller-primaria-esport-i-discapacitat","status":"publish","type":"post","link":"https:\/\/agora.xtec.cat\/escoladetermens\/portada\/taller-primaria-esport-i-discapacitat\/","title":{"rendered":"TALLER PRIM\u00c0RIA ESPORT I DISCAPACITAT"},"content":{"rendered":"<p>Avui ens han transmet una gran lli\u00e7\u00f3 els monitors del Pla Catal\u00e0 de l&#8217;Esport. Ens han vingut a fer-nos conscients de les dificultats dels discapacitats i viure-ho en la nostra pell. Com es poden sentir, quines dificultats es troben dia a dia&#8230; i que podem fer per ajudar-los.<\/p>\n<p><a href=\"https:\/\/agora.xtec.cat\/escoladetermens\/wp-content\/uploads\/usu1845\/2020\/02\/20200214_113332-COLLAGE.jpg\"><img loading=\"lazy\" decoding=\"async\" class=\"alignnone size-full wp-image-2983\" src=\"https:\/\/agora.xtec.cat\/escoladetermens\/wp-content\/uploads\/usu1845\/2020\/02\/20200214_113332-COLLAGE.jpg\" alt=\"\" width=\"966\" height=\"966\" srcset=\"https:\/\/agora.xtec.cat\/escoladetermens\/wp-content\/uploads\/usu1845\/2020\/02\/20200214_113332-COLLAGE.jpg 966w, https:\/\/agora.xtec.cat\/escoladetermens\/wp-content\/uploads\/usu1845\/2020\/02\/20200214_113332-COLLAGE-150x150.jpg 150w, https:\/\/agora.xtec.cat\/escoladetermens\/wp-content\/uploads\/usu1845\/2020\/02\/20200214_113332-COLLAGE-300x300.jpg 300w, https:\/\/agora.xtec.cat\/escoladetermens\/wp-content\/uploads\/usu1845\/2020\/02\/20200214_113332-COLLAGE-768x768.jpg 768w\" sizes=\"auto, (max-width: 966px) 100vw, 966px\" \/><\/a><\/p>\n<p>&nbsp;<\/p>\n","protected":false},"excerpt":{"rendered":"<p>Avui ens han transmet una gran lli\u00e7\u00f3 els monitors del Pla Catal\u00e0 de l&#8217;Esport. Ens han vingut a fer-nos conscients de les dificultats dels discapacitats i viure-ho en la nostra pell. Com es poden sentir, quines dificultats es troben dia a dia&#8230; i que podem&hellip;  <a href=\"https:\/\/agora.xtec.cat\/escoladetermens\/portada\/taller-primaria-esport-i-discapacitat\/\" title=\"Read TALLER PRIM\u00c0RIA ESPORT I DISCAPACITAT\">Llegeix m\u00e9s\u00bb<\/a><\/p>\n","protected":false},"author":1,"featured_media":0,"comment_status":"open","ping_status":"closed","sticky":false,"template":"","format":"standard","meta":{"_bbp_topic_count":0,"_bbp_reply_count":0,"_bbp_total_topic_count":0,"_bbp_total_reply_count":0,"_bbp_voice_count":0,"_bbp_anonymous_reply_count":0,"_bbp_topic_count_hidden":0,"_bbp_reply_count_hidden":0,"_bbp_forum_subforum_count":0,"footnotes":""},"categories":[14,15,4,5],"tags":[60,74],"class_list":["post-2982","post","type-post","status-publish","format-standard","hentry","category-5e","category-6e","category-portada","category-primaria","tag-ed-fisica","tag-ed-emocional"],"post_mailing_queue_ids":[],"_links":{"self":[{"href":"https:\/\/agora.xtec.cat\/escoladetermens\/wp-json\/wp\/v2\/posts\/2982","targetHints":{"allow":["GET"]}}],"collection":[{"href":"https:\/\/agora.xtec.cat\/escoladetermens\/wp-json\/wp\/v2\/posts"}],"about":[{"href":"https:\/\/agora.xtec.cat\/escoladetermens\/wp-json\/wp\/v2\/types\/post"}],"author":[{"embeddable":true,"href":"https:\/\/agora.xtec.cat\/escoladetermens\/wp-json\/wp\/v2\/users\/1"}],"replies":[{"embeddable":true,"href":"https:\/\/agora.xtec.cat\/escoladetermens\/wp-json\/wp\/v2\/comments?post=2982"}],"version-history":[{"count":2,"href":"https:\/\/agora.xtec.cat\/escoladetermens\/wp-json\/wp\/v2\/posts\/2982\/revisions"}],"predecessor-version":[{"id":2985,"href":"https:\/\/agora.xtec.cat\/escoladetermens\/wp-json\/wp\/v2\/posts\/2982\/revisions\/2985"}],"wp:attachment":[{"href":"https:\/\/agora.xtec.cat\/escoladetermens\/wp-json\/wp\/v2\/media?parent=2982"}],"wp:term":[{"taxonomy":"category","embeddable":true,"href":"https:\/\/agora.xtec.cat\/escoladetermens\/wp-json\/wp\/v2\/categories?post=2982"},{"taxonomy":"post_tag","embeddable":true,"href":"https:\/\/agora.xtec.cat\/escoladetermens\/wp-json\/wp\/v2\/tags?post=2982"}],"curies":[{"name":"wp","href":"https:\/\/api.w.org\/{rel}","templated":true}]}}