{"id":2974,"date":"2020-02-13T12:53:17","date_gmt":"2020-02-13T11:53:17","guid":{"rendered":"http:\/\/agora.xtec.cat\/escoladetermens\/?p=2974"},"modified":"2020-02-13T12:53:17","modified_gmt":"2020-02-13T11:53:17","slug":"conte-que-contaras-22","status":"publish","type":"post","link":"https:\/\/agora.xtec.cat\/escoladetermens\/portada\/conte-que-contaras-22\/","title":{"rendered":"CONTE QUE CONTAR\u00c0S"},"content":{"rendered":"<p dir=\"auto\">Sab\u00edeu que les lletres tenen contes? Doncs s\u00ed!<\/p>\n<p dir=\"auto\">Avui l&#8217;Avril ens ha portat un llibre amb contes de la A a la Z. Quin munt!<\/p>\n<p dir=\"auto\">Ens ha llegit el conte de la P, un conte d&#8217;un ping\u00fc\u00ed una mica despistat per\u00f2 tractant-se d&#8217;aquesta lletra, de quin altre animal ens podia haver parlat?<\/p>\n<div dir=\"auto\"><a href=\"https:\/\/agora.xtec.cat\/escoladetermens\/wp-content\/uploads\/usu1845\/2020\/02\/PhotoGrid_1581533715813.jpg\"><img loading=\"lazy\" decoding=\"async\" class=\"alignnone size-full wp-image-2975\" src=\"https:\/\/agora.xtec.cat\/escoladetermens\/wp-content\/uploads\/usu1845\/2020\/02\/PhotoGrid_1581533715813.jpg\" alt=\"\" width=\"1024\" height=\"1024\" srcset=\"https:\/\/agora.xtec.cat\/escoladetermens\/wp-content\/uploads\/usu1845\/2020\/02\/PhotoGrid_1581533715813.jpg 1024w, https:\/\/agora.xtec.cat\/escoladetermens\/wp-content\/uploads\/usu1845\/2020\/02\/PhotoGrid_1581533715813-150x150.jpg 150w, https:\/\/agora.xtec.cat\/escoladetermens\/wp-content\/uploads\/usu1845\/2020\/02\/PhotoGrid_1581533715813-300x300.jpg 300w, https:\/\/agora.xtec.cat\/escoladetermens\/wp-content\/uploads\/usu1845\/2020\/02\/PhotoGrid_1581533715813-768x768.jpg 768w\" sizes=\"auto, (max-width: 1024px) 100vw, 1024px\" \/><\/a><\/div>\n","protected":false},"excerpt":{"rendered":"<p>Sab\u00edeu que les lletres tenen contes? Doncs s\u00ed!<br \/>\nAvui l&#8217;Avril ens ha portat un llibre amb contes de la A a la Z. Quin munt!<br \/>\nEns ha llegit el conte de la P, un conte d&#8217;un ping\u00fc\u00ed una mica despistat per\u00f2 tractant-se d&#8217;aquesta lletra, de quin altre&hellip;  <a href=\"https:\/\/agora.xtec.cat\/escoladetermens\/portada\/conte-que-contaras-22\/\" title=\"Read CONTE QUE CONTAR\u00c0S\">Llegeix m\u00e9s\u00bb<\/a><\/p>\n","protected":false},"author":1,"featured_media":0,"comment_status":"open","ping_status":"closed","sticky":false,"template":"","format":"standard","meta":{"_bbp_topic_count":0,"_bbp_reply_count":0,"_bbp_total_topic_count":0,"_bbp_total_reply_count":0,"_bbp_voice_count":0,"_bbp_anonymous_reply_count":0,"_bbp_topic_count_hidden":0,"_bbp_reply_count_hidden":0,"_bbp_forum_subforum_count":0,"footnotes":""},"categories":[10,4,5],"tags":[170,132],"class_list":["post-2974","post","type-post","status-publish","format-standard","hentry","category-2n","category-portada","category-primaria","tag-competencia-linguistica","tag-gust-per-la-lectura"],"post_mailing_queue_ids":[],"_links":{"self":[{"href":"https:\/\/agora.xtec.cat\/escoladetermens\/wp-json\/wp\/v2\/posts\/2974","targetHints":{"allow":["GET"]}}],"collection":[{"href":"https:\/\/agora.xtec.cat\/escoladetermens\/wp-json\/wp\/v2\/posts"}],"about":[{"href":"https:\/\/agora.xtec.cat\/escoladetermens\/wp-json\/wp\/v2\/types\/post"}],"author":[{"embeddable":true,"href":"https:\/\/agora.xtec.cat\/escoladetermens\/wp-json\/wp\/v2\/users\/1"}],"replies":[{"embeddable":true,"href":"https:\/\/agora.xtec.cat\/escoladetermens\/wp-json\/wp\/v2\/comments?post=2974"}],"version-history":[{"count":1,"href":"https:\/\/agora.xtec.cat\/escoladetermens\/wp-json\/wp\/v2\/posts\/2974\/revisions"}],"predecessor-version":[{"id":2976,"href":"https:\/\/agora.xtec.cat\/escoladetermens\/wp-json\/wp\/v2\/posts\/2974\/revisions\/2976"}],"wp:attachment":[{"href":"https:\/\/agora.xtec.cat\/escoladetermens\/wp-json\/wp\/v2\/media?parent=2974"}],"wp:term":[{"taxonomy":"category","embeddable":true,"href":"https:\/\/agora.xtec.cat\/escoladetermens\/wp-json\/wp\/v2\/categories?post=2974"},{"taxonomy":"post_tag","embeddable":true,"href":"https:\/\/agora.xtec.cat\/escoladetermens\/wp-json\/wp\/v2\/tags?post=2974"}],"curies":[{"name":"wp","href":"https:\/\/api.w.org\/{rel}","templated":true}]}}