{"id":2934,"date":"2020-02-07T12:24:26","date_gmt":"2020-02-07T11:24:26","guid":{"rendered":"http:\/\/agora.xtec.cat\/escoladetermens\/?p=2934"},"modified":"2020-02-07T12:24:26","modified_gmt":"2020-02-07T11:24:26","slug":"radio-piruli-20","status":"publish","type":"post","link":"https:\/\/agora.xtec.cat\/escoladetermens\/infantil\/radio-piruli-20\/","title":{"rendered":"R\u00c0DIO PIRULI"},"content":{"rendered":"<p>Aquesta setmana els locutors, l&#8217;Aurembiaix i el Mon, han triat unes not\u00edcies molt interessants. Els DJ&#8217;s, Lluc i Paula, ja tenen molta tra\u00e7a a l&#8217;hora de donar pas als diferents micros i audios.<\/p>\n<p>Per cert, no us descuideu d&#8217;escoltar la secci\u00f3 dels col\u00b7laboradors! La classe dels conills han vingut a explicar&#8230;<\/p>\n<p><iframe loading=\"lazy\" title=\"R\u00e0dio Piruli 7 de febrer by escola de T\u00e9rmens\" width=\"500\" height=\"400\" scrolling=\"no\" frameborder=\"no\" src=\"https:\/\/w.soundcloud.com\/player\/?visual=true&#038;url=https%3A%2F%2Fapi.soundcloud.com%2Ftracks%2F756588433&#038;show_artwork=true&#038;maxheight=750&#038;maxwidth=500&#038;secret_token=s-xvPIf\"><\/iframe><\/p>\n","protected":false},"excerpt":{"rendered":"<p>Aquesta setmana els locutors, l&#8217;Aurembiaix i el Mon, han triat unes not\u00edcies molt interessants. Els DJ&#8217;s, Lluc i Paula, ja tenen molta tra\u00e7a a l&#8217;hora de donar pas als diferents micros i audios.<br \/>\nPer cert, no us descuideu d&#8217;escoltar la secci\u00f3 dels col\u00b7laboradors! La classe dels&hellip;  <a href=\"https:\/\/agora.xtec.cat\/escoladetermens\/infantil\/radio-piruli-20\/\" title=\"Read R\u00c0DIO PIRULI\">Llegeix m\u00e9s\u00bb<\/a><\/p>\n","protected":false},"author":1,"featured_media":0,"comment_status":"open","ping_status":"closed","sticky":false,"template":"","format":"standard","meta":{"_bbp_topic_count":0,"_bbp_reply_count":0,"_bbp_total_topic_count":0,"_bbp_total_reply_count":0,"_bbp_voice_count":0,"_bbp_anonymous_reply_count":0,"_bbp_topic_count_hidden":0,"_bbp_reply_count_hidden":0,"_bbp_forum_subforum_count":0,"footnotes":""},"categories":[10,11,12,108,9,2,4,5],"tags":[133],"class_list":["post-2934","post","type-post","status-publish","format-standard","hentry","category-2n","category-3r","category-4t","category-aula-carles-capdevila","category-i5","category-infantil","category-portada","category-primaria","tag-radio-piruli"],"post_mailing_queue_ids":[],"_links":{"self":[{"href":"https:\/\/agora.xtec.cat\/escoladetermens\/wp-json\/wp\/v2\/posts\/2934","targetHints":{"allow":["GET"]}}],"collection":[{"href":"https:\/\/agora.xtec.cat\/escoladetermens\/wp-json\/wp\/v2\/posts"}],"about":[{"href":"https:\/\/agora.xtec.cat\/escoladetermens\/wp-json\/wp\/v2\/types\/post"}],"author":[{"embeddable":true,"href":"https:\/\/agora.xtec.cat\/escoladetermens\/wp-json\/wp\/v2\/users\/1"}],"replies":[{"embeddable":true,"href":"https:\/\/agora.xtec.cat\/escoladetermens\/wp-json\/wp\/v2\/comments?post=2934"}],"version-history":[{"count":1,"href":"https:\/\/agora.xtec.cat\/escoladetermens\/wp-json\/wp\/v2\/posts\/2934\/revisions"}],"predecessor-version":[{"id":2935,"href":"https:\/\/agora.xtec.cat\/escoladetermens\/wp-json\/wp\/v2\/posts\/2934\/revisions\/2935"}],"wp:attachment":[{"href":"https:\/\/agora.xtec.cat\/escoladetermens\/wp-json\/wp\/v2\/media?parent=2934"}],"wp:term":[{"taxonomy":"category","embeddable":true,"href":"https:\/\/agora.xtec.cat\/escoladetermens\/wp-json\/wp\/v2\/categories?post=2934"},{"taxonomy":"post_tag","embeddable":true,"href":"https:\/\/agora.xtec.cat\/escoladetermens\/wp-json\/wp\/v2\/tags?post=2934"}],"curies":[{"name":"wp","href":"https:\/\/api.w.org\/{rel}","templated":true}]}}