{"id":2906,"date":"2020-01-30T16:52:06","date_gmt":"2020-01-30T15:52:06","guid":{"rendered":"http:\/\/agora.xtec.cat\/escoladetermens\/?p=2906"},"modified":"2020-01-30T16:52:06","modified_gmt":"2020-01-30T15:52:06","slug":"denip-i-cafe-de-lartista","status":"publish","type":"post","link":"https:\/\/agora.xtec.cat\/escoladetermens\/infantil\/denip-i-cafe-de-lartista\/","title":{"rendered":"DENIP I CAF\u00c8 DE L&#8217;ARTISTA"},"content":{"rendered":"<p>Avui, dia ESCOLAR DE LA NO-VIOL\u00c8NCIA I LA PAU, a l&#8217;escola hem aprofitat per cantar can\u00e7ons en diferents idiomes. I a m\u00e9s a m\u00e9s hem aprofitat per fer un dels caf\u00e8s de l&#8217;artista.<\/p>\n<p><a href=\"https:\/\/photos.app.goo.gl\/CDQ6bPwMcrm9w7L46\"><img loading=\"lazy\" decoding=\"async\" class=\"alignnone size-full wp-image-2907\" src=\"https:\/\/agora.xtec.cat\/escoladetermens\/wp-content\/uploads\/usu1845\/2020\/01\/RAMON-BESORA-1.jpg\" alt=\"\" width=\"800\" height=\"800\" srcset=\"https:\/\/agora.xtec.cat\/escoladetermens\/wp-content\/uploads\/usu1845\/2020\/01\/RAMON-BESORA-1.jpg 800w, https:\/\/agora.xtec.cat\/escoladetermens\/wp-content\/uploads\/usu1845\/2020\/01\/RAMON-BESORA-1-150x150.jpg 150w, https:\/\/agora.xtec.cat\/escoladetermens\/wp-content\/uploads\/usu1845\/2020\/01\/RAMON-BESORA-1-300x300.jpg 300w, https:\/\/agora.xtec.cat\/escoladetermens\/wp-content\/uploads\/usu1845\/2020\/01\/RAMON-BESORA-1-768x768.jpg 768w\" sizes=\"auto, (max-width: 800px) 100vw, 800px\" \/><\/a><\/p>\n","protected":false},"excerpt":{"rendered":"<p>Avui, dia ESCOLAR DE LA NO-VIOL\u00c8NCIA I LA PAU, a l&#8217;escola hem aprofitat per cantar can\u00e7ons en diferents idiomes. I a m\u00e9s a m\u00e9s hem aprofitat per fer un dels caf\u00e8s de l&#8217;artista.<br \/>\n<a href=\"https:\/\/photos.app.goo.gl\/CDQ6bPwMcrm9w7L46\"><\/a><\/p>\n","protected":false},"author":1,"featured_media":0,"comment_status":"open","ping_status":"closed","sticky":false,"template":"","format":"standard","meta":{"_bbp_topic_count":0,"_bbp_reply_count":0,"_bbp_total_topic_count":0,"_bbp_total_reply_count":0,"_bbp_voice_count":0,"_bbp_anonymous_reply_count":0,"_bbp_topic_count_hidden":0,"_bbp_reply_count_hidden":0,"_bbp_forum_subforum_count":0,"footnotes":""},"categories":[10,11,12,14,15,3,9,2,93,4,5],"tags":[61,194],"class_list":["post-2906","post","type-post","status-publish","format-standard","hentry","category-2n","category-3r","category-4t","category-5e","category-6e","category-i3-i4","category-i5","category-infantil","category-musica","category-portada","category-primaria","tag-cafe-de-lartista","tag-denip"],"post_mailing_queue_ids":[],"_links":{"self":[{"href":"https:\/\/agora.xtec.cat\/escoladetermens\/wp-json\/wp\/v2\/posts\/2906","targetHints":{"allow":["GET"]}}],"collection":[{"href":"https:\/\/agora.xtec.cat\/escoladetermens\/wp-json\/wp\/v2\/posts"}],"about":[{"href":"https:\/\/agora.xtec.cat\/escoladetermens\/wp-json\/wp\/v2\/types\/post"}],"author":[{"embeddable":true,"href":"https:\/\/agora.xtec.cat\/escoladetermens\/wp-json\/wp\/v2\/users\/1"}],"replies":[{"embeddable":true,"href":"https:\/\/agora.xtec.cat\/escoladetermens\/wp-json\/wp\/v2\/comments?post=2906"}],"version-history":[{"count":1,"href":"https:\/\/agora.xtec.cat\/escoladetermens\/wp-json\/wp\/v2\/posts\/2906\/revisions"}],"predecessor-version":[{"id":2908,"href":"https:\/\/agora.xtec.cat\/escoladetermens\/wp-json\/wp\/v2\/posts\/2906\/revisions\/2908"}],"wp:attachment":[{"href":"https:\/\/agora.xtec.cat\/escoladetermens\/wp-json\/wp\/v2\/media?parent=2906"}],"wp:term":[{"taxonomy":"category","embeddable":true,"href":"https:\/\/agora.xtec.cat\/escoladetermens\/wp-json\/wp\/v2\/categories?post=2906"},{"taxonomy":"post_tag","embeddable":true,"href":"https:\/\/agora.xtec.cat\/escoladetermens\/wp-json\/wp\/v2\/tags?post=2906"}],"curies":[{"name":"wp","href":"https:\/\/api.w.org\/{rel}","templated":true}]}}