{"id":2875,"date":"2020-01-27T10:17:38","date_gmt":"2020-01-27T09:17:38","guid":{"rendered":"http:\/\/agora.xtec.cat\/escoladetermens\/?p=2875"},"modified":"2020-01-27T10:18:30","modified_gmt":"2020-01-27T09:18:30","slug":"concurs","status":"publish","type":"post","link":"https:\/\/agora.xtec.cat\/escoladetermens\/infantil\/concurs\/","title":{"rendered":"CONCURS"},"content":{"rendered":"<div id=\":tj\" class=\"a3s aXjCH \">\n<div dir=\"ltr\">\n<div class=\"gmail_quote\">\n<p class=\"gmail_attr\">El passat dissabte 25 de gener\u00a0 l&#8217;Ajuntament de T\u00e9rmens va donar a con\u00e8ixer la guanyadora de la 1a edici\u00f3 del Premi d&#8217;\u00c0lbum Il\u00b7lustrat Vila de T\u00e9rmens, la Sra. Natalia Domanova amb l&#8217;obra &#8220;Sra. Mongeta, la sabata i el bot\u00f3&#8221; que sortir\u00e0 a la llum el proper setembre.<\/p>\n<p class=\"gmail_attr\">L&#8217;Escola va tenir l&#8217;honor de formar part d&#8217;aquest celebraci\u00f3 amb un concurs de dibuix i un altre de relat curt en el qual el jurat va estar format per l&#8217;escriptor Ramon Besora i la il\u00b7lustradora Roser Capdevila (autora de les Tres Bessones).<\/p>\n<p class=\"gmail_attr\">Com a agra\u00efment a la participaci\u00f3 de l&#8217;escola al certamen, l&#8217;Ajuntament ens va obsequiar amb un port\u00e0til.<\/p>\n<p class=\"gmail_attr\">Els nostres guanyadors del concurs de dibuix van ser: el Ra\u00fcl Florin, la T\u00e0nia Llubes i la Sara Llubes. I els guanyadors del relat curt van ser: Nil Farr\u00e0s i T\u00e0nia Farran.<\/p>\n<p><a href=\"https:\/\/agora.xtec.cat\/escoladetermens\/wp-content\/uploads\/usu1845\/2020\/01\/20200125_120155-COLLAGE.jpg\"><img loading=\"lazy\" decoding=\"async\" class=\"alignnone size-full wp-image-2876\" src=\"https:\/\/agora.xtec.cat\/escoladetermens\/wp-content\/uploads\/usu1845\/2020\/01\/20200125_120155-COLLAGE.jpg\" alt=\"\" width=\"966\" height=\"966\" srcset=\"https:\/\/agora.xtec.cat\/escoladetermens\/wp-content\/uploads\/usu1845\/2020\/01\/20200125_120155-COLLAGE.jpg 966w, https:\/\/agora.xtec.cat\/escoladetermens\/wp-content\/uploads\/usu1845\/2020\/01\/20200125_120155-COLLAGE-150x150.jpg 150w, https:\/\/agora.xtec.cat\/escoladetermens\/wp-content\/uploads\/usu1845\/2020\/01\/20200125_120155-COLLAGE-300x300.jpg 300w, https:\/\/agora.xtec.cat\/escoladetermens\/wp-content\/uploads\/usu1845\/2020\/01\/20200125_120155-COLLAGE-768x768.jpg 768w\" sizes=\"auto, (max-width: 966px) 100vw, 966px\" \/><\/a><\/p>\n<h1><\/h1>\n<\/div>\n<\/div>\n<\/div>\n","protected":false},"excerpt":{"rendered":"<p>El passat dissabte 25 de gener\u00a0 l&#8217;Ajuntament de T\u00e9rmens va donar a con\u00e8ixer la guanyadora de la 1a edici\u00f3 del Premi d&#8217;\u00c0lbum Il\u00b7lustrat Vila de T\u00e9rmens, la Sra. Natalia Domanova amb l&#8217;obra &#8220;Sra. Mongeta, la sabata i el bot\u00f3&#8221; que sortir\u00e0 a la llum el&hellip;  <a href=\"https:\/\/agora.xtec.cat\/escoladetermens\/infantil\/concurs\/\" title=\"Read CONCURS\">Llegeix m\u00e9s\u00bb<\/a><\/p>\n","protected":false},"author":1,"featured_media":0,"comment_status":"open","ping_status":"closed","sticky":false,"template":"","format":"standard","meta":{"_bbp_topic_count":0,"_bbp_reply_count":0,"_bbp_total_topic_count":0,"_bbp_total_reply_count":0,"_bbp_voice_count":0,"_bbp_anonymous_reply_count":0,"_bbp_topic_count_hidden":0,"_bbp_reply_count_hidden":0,"_bbp_forum_subforum_count":0,"footnotes":""},"categories":[10,11,12,14,15,3,9,2,4,5],"tags":[244],"class_list":["post-2875","post","type-post","status-publish","format-standard","hentry","category-2n","category-3r","category-4t","category-5e","category-6e","category-i3-i4","category-i5","category-infantil","category-portada","category-primaria","tag-ajuntament"],"post_mailing_queue_ids":[],"_links":{"self":[{"href":"https:\/\/agora.xtec.cat\/escoladetermens\/wp-json\/wp\/v2\/posts\/2875","targetHints":{"allow":["GET"]}}],"collection":[{"href":"https:\/\/agora.xtec.cat\/escoladetermens\/wp-json\/wp\/v2\/posts"}],"about":[{"href":"https:\/\/agora.xtec.cat\/escoladetermens\/wp-json\/wp\/v2\/types\/post"}],"author":[{"embeddable":true,"href":"https:\/\/agora.xtec.cat\/escoladetermens\/wp-json\/wp\/v2\/users\/1"}],"replies":[{"embeddable":true,"href":"https:\/\/agora.xtec.cat\/escoladetermens\/wp-json\/wp\/v2\/comments?post=2875"}],"version-history":[{"count":1,"href":"https:\/\/agora.xtec.cat\/escoladetermens\/wp-json\/wp\/v2\/posts\/2875\/revisions"}],"predecessor-version":[{"id":2877,"href":"https:\/\/agora.xtec.cat\/escoladetermens\/wp-json\/wp\/v2\/posts\/2875\/revisions\/2877"}],"wp:attachment":[{"href":"https:\/\/agora.xtec.cat\/escoladetermens\/wp-json\/wp\/v2\/media?parent=2875"}],"wp:term":[{"taxonomy":"category","embeddable":true,"href":"https:\/\/agora.xtec.cat\/escoladetermens\/wp-json\/wp\/v2\/categories?post=2875"},{"taxonomy":"post_tag","embeddable":true,"href":"https:\/\/agora.xtec.cat\/escoladetermens\/wp-json\/wp\/v2\/tags?post=2875"}],"curies":[{"name":"wp","href":"https:\/\/api.w.org\/{rel}","templated":true}]}}