{"id":2853,"date":"2020-01-18T08:26:52","date_gmt":"2020-01-18T07:26:52","guid":{"rendered":"http:\/\/agora.xtec.cat\/escoladetermens\/?p=2853"},"modified":"2020-01-18T08:28:09","modified_gmt":"2020-01-18T07:28:09","slug":"denip-3","status":"publish","type":"post","link":"https:\/\/agora.xtec.cat\/escoladetermens\/portada\/denip-3\/","title":{"rendered":"DENIP"},"content":{"rendered":"<p>Us compartim les can\u00e7ons d&#8217;aquest curs pel DENIP. Aquest any la can\u00e7\u00f3 nova \u00e9s una can\u00e7\u00f3 polonesa que parla dels drets dels infants.<\/p>\n<p>Italiana: Amico e<\/p>\n<!--[if lt IE 9]><script>document.createElement('audio');<\/script><![endif]-->\n<audio class=\"wp-audio-shortcode\" id=\"audio-2853-1\" preload=\"none\" style=\"width: 100%;\" controls=\"controls\"><source type=\"audio\/mpeg\" src=\"https:\/\/agora.xtec.cat\/escoladetermens\/wp-content\/uploads\/usu1845\/2020\/01\/amico-e-cortada.mp3?_=1\" \/><a href=\"https:\/\/agora.xtec.cat\/escoladetermens\/wp-content\/uploads\/usu1845\/2020\/01\/amico-e-cortada.mp3\">https:\/\/agora.xtec.cat\/escoladetermens\/wp-content\/uploads\/usu1845\/2020\/01\/amico-e-cortada.mp3<\/a><\/audio>\n<p>Africana (Zambia): Bonse aba<\/p>\n<audio class=\"wp-audio-shortcode\" id=\"audio-2853-2\" preload=\"none\" style=\"width: 100%;\" controls=\"controls\"><source type=\"audio\/mpeg\" src=\"https:\/\/agora.xtec.cat\/escoladetermens\/wp-content\/uploads\/usu1845\/2020\/01\/Bonse-Aba-Victor-C.-Johnson-sencera.mp3?_=2\" \/><a href=\"https:\/\/agora.xtec.cat\/escoladetermens\/wp-content\/uploads\/usu1845\/2020\/01\/Bonse-Aba-Victor-C.-Johnson-sencera.mp3\">https:\/\/agora.xtec.cat\/escoladetermens\/wp-content\/uploads\/usu1845\/2020\/01\/Bonse-Aba-Victor-C.-Johnson-sencera.mp3<\/a><\/audio>\n<p>Catalana: Swing de la pau<\/p>\n<audio class=\"wp-audio-shortcode\" id=\"audio-2853-3\" preload=\"none\" style=\"width: 100%;\" controls=\"controls\"><source type=\"audio\/mpeg\" src=\"https:\/\/agora.xtec.cat\/escoladetermens\/wp-content\/uploads\/usu1845\/2020\/01\/CEIP-Josep-Montserrat-El-swing-de-la-Pau.mp3?_=3\" \/><a href=\"https:\/\/agora.xtec.cat\/escoladetermens\/wp-content\/uploads\/usu1845\/2020\/01\/CEIP-Josep-Montserrat-El-swing-de-la-Pau.mp3\">https:\/\/agora.xtec.cat\/escoladetermens\/wp-content\/uploads\/usu1845\/2020\/01\/CEIP-Josep-Montserrat-El-swing-de-la-Pau.mp3<\/a><\/audio>\n<p>Anglesa: We are the world. (<a href=\"https:\/\/youtu.be\/hYJKBnGZnMA)\">link<\/a>)<\/p>\n<audio class=\"wp-audio-shortcode\" id=\"audio-2853-4\" preload=\"none\" style=\"width: 100%;\" controls=\"controls\"><source type=\"audio\/mpeg\" src=\"https:\/\/agora.xtec.cat\/escoladetermens\/wp-content\/uploads\/usu1845\/2020\/01\/karaoke-We-are-the-worldtallada.mp3?_=4\" \/><a href=\"https:\/\/agora.xtec.cat\/escoladetermens\/wp-content\/uploads\/usu1845\/2020\/01\/karaoke-We-are-the-worldtallada.mp3\">https:\/\/agora.xtec.cat\/escoladetermens\/wp-content\/uploads\/usu1845\/2020\/01\/karaoke-We-are-the-worldtallada.mp3<\/a><\/audio>\n<p>Romanesa: Podul de piatra<\/p>\n<audio class=\"wp-audio-shortcode\" id=\"audio-2853-5\" preload=\"none\" style=\"width: 100%;\" controls=\"controls\"><source type=\"audio\/mpeg\" src=\"https:\/\/agora.xtec.cat\/escoladetermens\/wp-content\/uploads\/usu1845\/2020\/01\/Podul-de-piatra1.mp3?_=5\" \/><a href=\"https:\/\/agora.xtec.cat\/escoladetermens\/wp-content\/uploads\/usu1845\/2020\/01\/Podul-de-piatra1.mp3\">https:\/\/agora.xtec.cat\/escoladetermens\/wp-content\/uploads\/usu1845\/2020\/01\/Podul-de-piatra1.mp3<\/a><\/audio>\n<p>Polonesa: Piosenca o prawach dziecka<\/p>\n<audio class=\"wp-audio-shortcode\" id=\"audio-2853-6\" preload=\"none\" style=\"width: 100%;\" controls=\"controls\"><source type=\"audio\/mpeg\" src=\"https:\/\/agora.xtec.cat\/escoladetermens\/wp-content\/uploads\/usu1845\/2020\/01\/Polonesa-Prawach-Dziecka.mp3?_=6\" \/><a href=\"https:\/\/agora.xtec.cat\/escoladetermens\/wp-content\/uploads\/usu1845\/2020\/01\/Polonesa-Prawach-Dziecka.mp3\">https:\/\/agora.xtec.cat\/escoladetermens\/wp-content\/uploads\/usu1845\/2020\/01\/Polonesa-Prawach-Dziecka.mp3<\/a><\/audio>\n<p>Castellana: No dudaria (Rosario Flores)<\/p>\n<audio class=\"wp-audio-shortcode\" id=\"audio-2853-7\" preload=\"none\" style=\"width: 100%;\" controls=\"controls\"><source type=\"audio\/mpeg\" src=\"https:\/\/agora.xtec.cat\/escoladetermens\/wp-content\/uploads\/usu1845\/2020\/01\/Rosario-No-Dudar\u00eda.mp3?_=7\" \/><a href=\"https:\/\/agora.xtec.cat\/escoladetermens\/wp-content\/uploads\/usu1845\/2020\/01\/Rosario-No-Dudar\u00eda.mp3\">https:\/\/agora.xtec.cat\/escoladetermens\/wp-content\/uploads\/usu1845\/2020\/01\/Rosario-No-Dudar\u00eda.mp3<\/a><\/audio>\n","protected":false},"excerpt":{"rendered":"<p>Us compartim les can\u00e7ons d&#8217;aquest curs pel DENIP. Aquest any la can\u00e7\u00f3 nova \u00e9s una can\u00e7\u00f3 polonesa que parla dels drets dels infants.<br \/>\nItaliana: Amico e<br \/>\n<a href=\"https:\/\/agora.xtec.cat\/escoladetermens\/wp-content\/uploads\/usu1845\/2020\/01\/amico-e-cortada.mp3\">https:\/\/agora.xtec.cat\/escoladetermens\/wp-content\/uploads\/usu1845\/2020\/01\/amico-e-cortada.mp3<\/a><br \/>\nAfricana (Zambia): Bonse aba<br \/>\n<a href=\"https:\/\/agora.xtec.cat\/escoladetermens\/wp-content\/uploads\/usu1845\/2020\/01\/Bonse-Aba-Victor-C.-Johnson-sencera.mp3\">https:\/\/agora.xtec.cat\/escoladetermens\/wp-content\/uploads\/usu1845\/2020\/01\/Bonse-Aba-Victor-C.-Johnson-sencera.mp3<\/a><br \/>\nCatalana: Swing de la pau<br \/>\n<a href=\"https:\/\/agora.xtec.cat\/escoladetermens\/wp-content\/uploads\/usu1845\/2020\/01\/CEIP-Josep-Montserrat-El-swing-de-la-Pau.mp3\">https:\/\/agora.xtec.cat\/escoladetermens\/wp-content\/uploads\/usu1845\/2020\/01\/CEIP-Josep-Montserrat-El-swing-de-la-Pau.mp3<\/a><br \/>\nAnglesa: We are the world. (<a href=\"https:\/\/youtu.be\/hYJKBnGZnMA)\">link<\/a>)<br \/>\n<a href=\"https:\/\/agora.xtec.cat\/escoladetermens\/wp-content\/uploads\/usu1845\/2020\/01\/karaoke-We-are-the-worldtallada.mp3\">https:\/\/agora.xtec.cat\/escoladetermens\/wp-content\/uploads\/usu1845\/2020\/01\/karaoke-We-are-the-worldtallada.mp3<\/a><br \/>\nRomanesa: Podul de piatra<br \/>\n<a&hellip;  <a href=\"https:\/\/agora.xtec.cat\/escoladetermens\/portada\/denip-3\/\" title=\"Read DENIP\">Llegeix m\u00e9s\u00bb<\/a><\/p>\n","protected":false},"author":1,"featured_media":0,"comment_status":"open","ping_status":"closed","sticky":false,"template":"","format":"standard","meta":{"_bbp_topic_count":0,"_bbp_reply_count":0,"_bbp_total_topic_count":0,"_bbp_total_reply_count":0,"_bbp_voice_count":0,"_bbp_anonymous_reply_count":0,"_bbp_topic_count_hidden":0,"_bbp_reply_count_hidden":0,"_bbp_forum_subforum_count":0,"footnotes":""},"categories":[93,4],"tags":[194],"class_list":["post-2853","post","type-post","status-publish","format-standard","hentry","category-musica","category-portada","tag-denip"],"post_mailing_queue_ids":[],"_links":{"self":[{"href":"https:\/\/agora.xtec.cat\/escoladetermens\/wp-json\/wp\/v2\/posts\/2853","targetHints":{"allow":["GET"]}}],"collection":[{"href":"https:\/\/agora.xtec.cat\/escoladetermens\/wp-json\/wp\/v2\/posts"}],"about":[{"href":"https:\/\/agora.xtec.cat\/escoladetermens\/wp-json\/wp\/v2\/types\/post"}],"author":[{"embeddable":true,"href":"https:\/\/agora.xtec.cat\/escoladetermens\/wp-json\/wp\/v2\/users\/1"}],"replies":[{"embeddable":true,"href":"https:\/\/agora.xtec.cat\/escoladetermens\/wp-json\/wp\/v2\/comments?post=2853"}],"version-history":[{"count":2,"href":"https:\/\/agora.xtec.cat\/escoladetermens\/wp-json\/wp\/v2\/posts\/2853\/revisions"}],"predecessor-version":[{"id":2862,"href":"https:\/\/agora.xtec.cat\/escoladetermens\/wp-json\/wp\/v2\/posts\/2853\/revisions\/2862"}],"wp:attachment":[{"href":"https:\/\/agora.xtec.cat\/escoladetermens\/wp-json\/wp\/v2\/media?parent=2853"}],"wp:term":[{"taxonomy":"category","embeddable":true,"href":"https:\/\/agora.xtec.cat\/escoladetermens\/wp-json\/wp\/v2\/categories?post=2853"},{"taxonomy":"post_tag","embeddable":true,"href":"https:\/\/agora.xtec.cat\/escoladetermens\/wp-json\/wp\/v2\/tags?post=2853"}],"curies":[{"name":"wp","href":"https:\/\/api.w.org\/{rel}","templated":true}]}}