{"id":2691,"date":"2019-12-09T12:08:36","date_gmt":"2019-12-09T11:08:36","guid":{"rendered":"http:\/\/agora.xtec.cat\/escoladetermens\/?p=2691"},"modified":"2019-12-09T12:08:36","modified_gmt":"2019-12-09T11:08:36","slug":"radio-conversa-6","status":"publish","type":"post","link":"https:\/\/agora.xtec.cat\/escoladetermens\/portada\/radio-conversa-6\/","title":{"rendered":"R\u00c0DIO CONVERSA"},"content":{"rendered":"<p>Avui han vingut l&#8217;Alguer i la Irene a parlar a la r\u00e0dio. Si no sabeu qu\u00e8 fer aquestes vacances de Nadal, escolteu-los que us donaran idees.<\/p>\n<p>https:\/\/soundcloud.com\/escola-alfred-potrony-546125898\/conversa-9-de-desembre\/s-kdRIX<\/p>\n","protected":false},"excerpt":{"rendered":"<p>Avui han vingut l&#8217;Alguer i la Irene a parlar a la r\u00e0dio. Si no sabeu qu\u00e8 fer aquestes vacances de Nadal, escolteu-los que us donaran idees.<br \/>\nhttps:\/\/soundcloud.com\/escola-alfred-potrony-546125898\/conversa-9-de-desembre\/s-kdRIX<\/p>\n","protected":false},"author":1,"featured_media":0,"comment_status":"open","ping_status":"closed","sticky":false,"template":"","format":"standard","meta":{"_bbp_topic_count":0,"_bbp_reply_count":0,"_bbp_total_topic_count":0,"_bbp_total_reply_count":0,"_bbp_voice_count":0,"_bbp_anonymous_reply_count":0,"_bbp_topic_count_hidden":0,"_bbp_reply_count_hidden":0,"_bbp_forum_subforum_count":0,"footnotes":""},"categories":[14,108,4,5],"tags":[195],"class_list":["post-2691","post","type-post","status-publish","format-standard","hentry","category-5e","category-aula-carles-capdevila","category-portada","category-primaria","tag-radio-conversa"],"post_mailing_queue_ids":[],"_links":{"self":[{"href":"https:\/\/agora.xtec.cat\/escoladetermens\/wp-json\/wp\/v2\/posts\/2691","targetHints":{"allow":["GET"]}}],"collection":[{"href":"https:\/\/agora.xtec.cat\/escoladetermens\/wp-json\/wp\/v2\/posts"}],"about":[{"href":"https:\/\/agora.xtec.cat\/escoladetermens\/wp-json\/wp\/v2\/types\/post"}],"author":[{"embeddable":true,"href":"https:\/\/agora.xtec.cat\/escoladetermens\/wp-json\/wp\/v2\/users\/1"}],"replies":[{"embeddable":true,"href":"https:\/\/agora.xtec.cat\/escoladetermens\/wp-json\/wp\/v2\/comments?post=2691"}],"version-history":[{"count":1,"href":"https:\/\/agora.xtec.cat\/escoladetermens\/wp-json\/wp\/v2\/posts\/2691\/revisions"}],"predecessor-version":[{"id":2692,"href":"https:\/\/agora.xtec.cat\/escoladetermens\/wp-json\/wp\/v2\/posts\/2691\/revisions\/2692"}],"wp:attachment":[{"href":"https:\/\/agora.xtec.cat\/escoladetermens\/wp-json\/wp\/v2\/media?parent=2691"}],"wp:term":[{"taxonomy":"category","embeddable":true,"href":"https:\/\/agora.xtec.cat\/escoladetermens\/wp-json\/wp\/v2\/categories?post=2691"},{"taxonomy":"post_tag","embeddable":true,"href":"https:\/\/agora.xtec.cat\/escoladetermens\/wp-json\/wp\/v2\/tags?post=2691"}],"curies":[{"name":"wp","href":"https:\/\/api.w.org\/{rel}","templated":true}]}}