{"id":2653,"date":"2019-12-03T14:33:09","date_gmt":"2019-12-03T13:33:09","guid":{"rendered":"http:\/\/agora.xtec.cat\/escoladetermens\/?p=2653"},"modified":"2019-12-03T14:33:38","modified_gmt":"2019-12-03T13:33:38","slug":"nombres-quadrats-i-cubics","status":"publish","type":"post","link":"https:\/\/agora.xtec.cat\/escoladetermens\/portada\/nombres-quadrats-i-cubics\/","title":{"rendered":"NOMBRES QUADRATS I C\u00daBICS"},"content":{"rendered":"<p>Hem investigat amb quins nombres podem construir un quadrat i tamb\u00e9 quants multicubs necessitem per construir cubs cada vegada m\u00e9s grans. Sabeu quants en necessitar\u00edem per fer un cub que tingu\u00e9s 10 multicubs a cada costat? 1.000!!!!!<\/p>\n<p><a href=\"https:\/\/agora.xtec.cat\/escoladetermens\/wp-content\/uploads\/usu1845\/2019\/12\/IMG_2353-COLLAGE.jpg\"><img loading=\"lazy\" decoding=\"async\" class=\"alignnone size-full wp-image-2654\" src=\"https:\/\/agora.xtec.cat\/escoladetermens\/wp-content\/uploads\/usu1845\/2019\/12\/IMG_2353-COLLAGE.jpg\" alt=\"\" width=\"966\" height=\"966\" srcset=\"https:\/\/agora.xtec.cat\/escoladetermens\/wp-content\/uploads\/usu1845\/2019\/12\/IMG_2353-COLLAGE.jpg 966w, https:\/\/agora.xtec.cat\/escoladetermens\/wp-content\/uploads\/usu1845\/2019\/12\/IMG_2353-COLLAGE-150x150.jpg 150w, https:\/\/agora.xtec.cat\/escoladetermens\/wp-content\/uploads\/usu1845\/2019\/12\/IMG_2353-COLLAGE-300x300.jpg 300w, https:\/\/agora.xtec.cat\/escoladetermens\/wp-content\/uploads\/usu1845\/2019\/12\/IMG_2353-COLLAGE-768x768.jpg 768w\" sizes=\"auto, (max-width: 966px) 100vw, 966px\" \/><\/a><\/p>\n","protected":false},"excerpt":{"rendered":"<p>Hem investigat amb quins nombres podem construir un quadrat i tamb\u00e9 quants multicubs necessitem per construir cubs cada vegada m\u00e9s grans. Sabeu quants en necessitar\u00edem per fer un cub que tingu\u00e9s 10 multicubs a cada costat? 1.000!!!!!<br \/>\n<a href=\"https:\/\/agora.xtec.cat\/escoladetermens\/wp-content\/uploads\/usu1845\/2019\/12\/IMG_2353-COLLAGE.jpg\"><\/a><\/p>\n","protected":false},"author":1,"featured_media":0,"comment_status":"open","ping_status":"closed","sticky":false,"template":"","format":"standard","meta":{"_bbp_topic_count":0,"_bbp_reply_count":0,"_bbp_total_topic_count":0,"_bbp_total_reply_count":0,"_bbp_voice_count":0,"_bbp_anonymous_reply_count":0,"_bbp_topic_count_hidden":0,"_bbp_reply_count_hidden":0,"_bbp_forum_subforum_count":0,"footnotes":""},"categories":[12,4,5],"tags":[172],"class_list":["post-2653","post","type-post","status-publish","format-standard","hentry","category-4t","category-portada","category-primaria","tag-competencia-matematica"],"post_mailing_queue_ids":[],"_links":{"self":[{"href":"https:\/\/agora.xtec.cat\/escoladetermens\/wp-json\/wp\/v2\/posts\/2653","targetHints":{"allow":["GET"]}}],"collection":[{"href":"https:\/\/agora.xtec.cat\/escoladetermens\/wp-json\/wp\/v2\/posts"}],"about":[{"href":"https:\/\/agora.xtec.cat\/escoladetermens\/wp-json\/wp\/v2\/types\/post"}],"author":[{"embeddable":true,"href":"https:\/\/agora.xtec.cat\/escoladetermens\/wp-json\/wp\/v2\/users\/1"}],"replies":[{"embeddable":true,"href":"https:\/\/agora.xtec.cat\/escoladetermens\/wp-json\/wp\/v2\/comments?post=2653"}],"version-history":[{"count":1,"href":"https:\/\/agora.xtec.cat\/escoladetermens\/wp-json\/wp\/v2\/posts\/2653\/revisions"}],"predecessor-version":[{"id":2655,"href":"https:\/\/agora.xtec.cat\/escoladetermens\/wp-json\/wp\/v2\/posts\/2653\/revisions\/2655"}],"wp:attachment":[{"href":"https:\/\/agora.xtec.cat\/escoladetermens\/wp-json\/wp\/v2\/media?parent=2653"}],"wp:term":[{"taxonomy":"category","embeddable":true,"href":"https:\/\/agora.xtec.cat\/escoladetermens\/wp-json\/wp\/v2\/categories?post=2653"},{"taxonomy":"post_tag","embeddable":true,"href":"https:\/\/agora.xtec.cat\/escoladetermens\/wp-json\/wp\/v2\/tags?post=2653"}],"curies":[{"name":"wp","href":"https:\/\/api.w.org\/{rel}","templated":true}]}}