{"id":2602,"date":"2019-11-27T09:51:42","date_gmt":"2019-11-27T08:51:42","guid":{"rendered":"http:\/\/agora.xtec.cat\/escoladetermens\/?p=2602"},"modified":"2019-11-27T09:51:42","modified_gmt":"2019-11-27T08:51:42","slug":"pam-passa-i-metre","status":"publish","type":"post","link":"https:\/\/agora.xtec.cat\/escoladetermens\/portada\/pam-passa-i-metre\/","title":{"rendered":"PAM, PASSA I METRE"},"content":{"rendered":"<p>Els nens i nenes de primer a la classe de matem\u00e0tiques hem mesurat un munt de coses: la taula, la pissarra, el radiador, la nostra cama, el bra\u00e7 del company&#8230; Fer-ho a pams semblava f\u00e0cil per\u00f2 a la pr\u00e0ctica &#8230;. Sort que al final hem tingut el metre!!<\/p>\n<p><a href=\"https:\/\/agora.xtec.cat\/escoladetermens\/wp-content\/uploads\/usu1845\/2019\/11\/PhotoGrid_1574805747380.jpg\"><img loading=\"lazy\" decoding=\"async\" class=\"alignnone size-full wp-image-2603\" src=\"https:\/\/agora.xtec.cat\/escoladetermens\/wp-content\/uploads\/usu1845\/2019\/11\/PhotoGrid_1574805747380.jpg\" alt=\"\" width=\"1024\" height=\"1024\" srcset=\"https:\/\/agora.xtec.cat\/escoladetermens\/wp-content\/uploads\/usu1845\/2019\/11\/PhotoGrid_1574805747380.jpg 1024w, https:\/\/agora.xtec.cat\/escoladetermens\/wp-content\/uploads\/usu1845\/2019\/11\/PhotoGrid_1574805747380-150x150.jpg 150w, https:\/\/agora.xtec.cat\/escoladetermens\/wp-content\/uploads\/usu1845\/2019\/11\/PhotoGrid_1574805747380-300x300.jpg 300w, https:\/\/agora.xtec.cat\/escoladetermens\/wp-content\/uploads\/usu1845\/2019\/11\/PhotoGrid_1574805747380-768x768.jpg 768w\" sizes=\"auto, (max-width: 1024px) 100vw, 1024px\" \/><\/a><\/p>\n","protected":false},"excerpt":{"rendered":"<p>Els nens i nenes de primer a la classe de matem\u00e0tiques hem mesurat un munt de coses: la taula, la pissarra, el radiador, la nostra cama, el bra\u00e7 del company&#8230; Fer-ho a pams semblava f\u00e0cil per\u00f2 a la pr\u00e0ctica &#8230;. Sort que al final hem&hellip;  <a href=\"https:\/\/agora.xtec.cat\/escoladetermens\/portada\/pam-passa-i-metre\/\" title=\"Read PAM, PASSA I METRE\">Llegeix m\u00e9s\u00bb<\/a><\/p>\n","protected":false},"author":1,"featured_media":0,"comment_status":"open","ping_status":"closed","sticky":false,"template":"","format":"standard","meta":{"_bbp_topic_count":0,"_bbp_reply_count":0,"_bbp_total_topic_count":0,"_bbp_total_reply_count":0,"_bbp_voice_count":0,"_bbp_anonymous_reply_count":0,"_bbp_topic_count_hidden":0,"_bbp_reply_count_hidden":0,"_bbp_forum_subforum_count":0,"footnotes":""},"categories":[10,4,5],"tags":[172],"class_list":["post-2602","post","type-post","status-publish","format-standard","hentry","category-2n","category-portada","category-primaria","tag-competencia-matematica"],"post_mailing_queue_ids":[],"_links":{"self":[{"href":"https:\/\/agora.xtec.cat\/escoladetermens\/wp-json\/wp\/v2\/posts\/2602","targetHints":{"allow":["GET"]}}],"collection":[{"href":"https:\/\/agora.xtec.cat\/escoladetermens\/wp-json\/wp\/v2\/posts"}],"about":[{"href":"https:\/\/agora.xtec.cat\/escoladetermens\/wp-json\/wp\/v2\/types\/post"}],"author":[{"embeddable":true,"href":"https:\/\/agora.xtec.cat\/escoladetermens\/wp-json\/wp\/v2\/users\/1"}],"replies":[{"embeddable":true,"href":"https:\/\/agora.xtec.cat\/escoladetermens\/wp-json\/wp\/v2\/comments?post=2602"}],"version-history":[{"count":1,"href":"https:\/\/agora.xtec.cat\/escoladetermens\/wp-json\/wp\/v2\/posts\/2602\/revisions"}],"predecessor-version":[{"id":2604,"href":"https:\/\/agora.xtec.cat\/escoladetermens\/wp-json\/wp\/v2\/posts\/2602\/revisions\/2604"}],"wp:attachment":[{"href":"https:\/\/agora.xtec.cat\/escoladetermens\/wp-json\/wp\/v2\/media?parent=2602"}],"wp:term":[{"taxonomy":"category","embeddable":true,"href":"https:\/\/agora.xtec.cat\/escoladetermens\/wp-json\/wp\/v2\/categories?post=2602"},{"taxonomy":"post_tag","embeddable":true,"href":"https:\/\/agora.xtec.cat\/escoladetermens\/wp-json\/wp\/v2\/tags?post=2602"}],"curies":[{"name":"wp","href":"https:\/\/api.w.org\/{rel}","templated":true}]}}