{"id":2478,"date":"2019-11-05T12:53:33","date_gmt":"2019-11-05T11:53:33","guid":{"rendered":"http:\/\/agora.xtec.cat\/escoladetermens\/?p=2478"},"modified":"2019-11-05T12:53:33","modified_gmt":"2019-11-05T11:53:33","slug":"radio-divendres","status":"publish","type":"post","link":"https:\/\/agora.xtec.cat\/escoladetermens\/portada\/radio-divendres\/","title":{"rendered":"R\u00c0DIO DIVENDRES"},"content":{"rendered":"<p>Degut a que divendres tots ten\u00edem festa vam voler fer la r\u00e0dio dijous per\u00f2 l&#8217;ordinador no ens va deixar. Avui l&#8217;hem pogut fer sense cap problema.<\/p>\n<p>Els encarregats de la part t\u00e8cnica han sigut el Jordi i l&#8217;Aurembiaix. I com a locutors hem tingut al Marc i al Guillem.<\/p>\n<p><iframe loading=\"lazy\" title=\"R\u00e0dio per la castanyada by R\u00e0dio Piruli\" width=\"500\" height=\"400\" scrolling=\"no\" frameborder=\"no\" src=\"https:\/\/w.soundcloud.com\/player\/?visual=true&#038;url=https%3A%2F%2Fapi.soundcloud.com%2Ftracks%2F708171415&#038;show_artwork=true&#038;maxheight=750&#038;maxwidth=500&#038;secret_token=s-kuwvy\"><\/iframe><\/p>\n","protected":false},"excerpt":{"rendered":"<p>Degut a que divendres tots ten\u00edem festa vam voler fer la r\u00e0dio dijous per\u00f2 l&#8217;ordinador no ens va deixar. Avui l&#8217;hem pogut fer sense cap problema.<br \/>\nEls encarregats de la part t\u00e8cnica han sigut el Jordi i l&#8217;Aurembiaix. I com a locutors hem tingut al Marc&hellip;  <a href=\"https:\/\/agora.xtec.cat\/escoladetermens\/portada\/radio-divendres\/\" title=\"Read R\u00c0DIO DIVENDRES\">Llegeix m\u00e9s\u00bb<\/a><\/p>\n","protected":false},"author":1,"featured_media":0,"comment_status":"open","ping_status":"closed","sticky":false,"template":"","format":"standard","meta":{"_bbp_topic_count":0,"_bbp_reply_count":0,"_bbp_total_topic_count":0,"_bbp_total_reply_count":0,"_bbp_voice_count":0,"_bbp_anonymous_reply_count":0,"_bbp_topic_count_hidden":0,"_bbp_reply_count_hidden":0,"_bbp_forum_subforum_count":0,"footnotes":""},"categories":[10,11,12,108,9,4,5],"tags":[133],"class_list":["post-2478","post","type-post","status-publish","format-standard","hentry","category-2n","category-3r","category-4t","category-aula-carles-capdevila","category-i5","category-portada","category-primaria","tag-radio-piruli"],"post_mailing_queue_ids":[],"_links":{"self":[{"href":"https:\/\/agora.xtec.cat\/escoladetermens\/wp-json\/wp\/v2\/posts\/2478","targetHints":{"allow":["GET"]}}],"collection":[{"href":"https:\/\/agora.xtec.cat\/escoladetermens\/wp-json\/wp\/v2\/posts"}],"about":[{"href":"https:\/\/agora.xtec.cat\/escoladetermens\/wp-json\/wp\/v2\/types\/post"}],"author":[{"embeddable":true,"href":"https:\/\/agora.xtec.cat\/escoladetermens\/wp-json\/wp\/v2\/users\/1"}],"replies":[{"embeddable":true,"href":"https:\/\/agora.xtec.cat\/escoladetermens\/wp-json\/wp\/v2\/comments?post=2478"}],"version-history":[{"count":1,"href":"https:\/\/agora.xtec.cat\/escoladetermens\/wp-json\/wp\/v2\/posts\/2478\/revisions"}],"predecessor-version":[{"id":2479,"href":"https:\/\/agora.xtec.cat\/escoladetermens\/wp-json\/wp\/v2\/posts\/2478\/revisions\/2479"}],"wp:attachment":[{"href":"https:\/\/agora.xtec.cat\/escoladetermens\/wp-json\/wp\/v2\/media?parent=2478"}],"wp:term":[{"taxonomy":"category","embeddable":true,"href":"https:\/\/agora.xtec.cat\/escoladetermens\/wp-json\/wp\/v2\/categories?post=2478"},{"taxonomy":"post_tag","embeddable":true,"href":"https:\/\/agora.xtec.cat\/escoladetermens\/wp-json\/wp\/v2\/tags?post=2478"}],"curies":[{"name":"wp","href":"https:\/\/api.w.org\/{rel}","templated":true}]}}