{"id":2406,"date":"2019-10-25T15:19:10","date_gmt":"2019-10-25T13:19:10","guid":{"rendered":"http:\/\/agora.xtec.cat\/escoladetermens\/?p=2406"},"modified":"2019-10-25T15:19:10","modified_gmt":"2019-10-25T13:19:10","slug":"a-la-fabrica-o-al-taller","status":"publish","type":"post","link":"https:\/\/agora.xtec.cat\/escoladetermens\/portada\/a-la-fabrica-o-al-taller\/","title":{"rendered":"A LA F\u00c0BRICA O AL TALLER"},"content":{"rendered":"<p>Aquesta setmana dins el projecte &#8220;Jo ser\u00e9, ser\u00e9&#8221; els nens i nenes de 1r hem fet la classificaci\u00f3 de les feines de f\u00e0brica o de taller.<\/p>\n<p>La veritat \u00e9s que de la natura a la botiga hi ha molta feina a fer&#8230;<\/p>\n<p><a href=\"https:\/\/agora.xtec.cat\/escoladetermens\/wp-content\/uploads\/usu1845\/2019\/10\/PhotoGrid_1572001528609.jpg\"><img loading=\"lazy\" decoding=\"async\" class=\"alignnone size-full wp-image-2407\" src=\"https:\/\/agora.xtec.cat\/escoladetermens\/wp-content\/uploads\/usu1845\/2019\/10\/PhotoGrid_1572001528609.jpg\" alt=\"\" width=\"1024\" height=\"1024\" srcset=\"https:\/\/agora.xtec.cat\/escoladetermens\/wp-content\/uploads\/usu1845\/2019\/10\/PhotoGrid_1572001528609.jpg 1024w, https:\/\/agora.xtec.cat\/escoladetermens\/wp-content\/uploads\/usu1845\/2019\/10\/PhotoGrid_1572001528609-150x150.jpg 150w, https:\/\/agora.xtec.cat\/escoladetermens\/wp-content\/uploads\/usu1845\/2019\/10\/PhotoGrid_1572001528609-300x300.jpg 300w, https:\/\/agora.xtec.cat\/escoladetermens\/wp-content\/uploads\/usu1845\/2019\/10\/PhotoGrid_1572001528609-768x768.jpg 768w\" sizes=\"auto, (max-width: 1024px) 100vw, 1024px\" \/><\/a><\/p>\n","protected":false},"excerpt":{"rendered":"<p>Aquesta setmana dins el projecte &#8220;Jo ser\u00e9, ser\u00e9&#8221; els nens i nenes de 1r hem fet la classificaci\u00f3 de les feines de f\u00e0brica o de taller.<br \/>\nLa veritat \u00e9s que de la natura a la botiga hi ha molta feina a fer&#8230;<br \/>\n<a href=\"https:\/\/agora.xtec.cat\/escoladetermens\/wp-content\/uploads\/usu1845\/2019\/10\/PhotoGrid_1572001528609.jpg\"><\/a><\/p>\n","protected":false},"author":1,"featured_media":0,"comment_status":"open","ping_status":"closed","sticky":false,"template":"","format":"standard","meta":{"_bbp_topic_count":0,"_bbp_reply_count":0,"_bbp_total_topic_count":0,"_bbp_total_reply_count":0,"_bbp_voice_count":0,"_bbp_anonymous_reply_count":0,"_bbp_topic_count_hidden":0,"_bbp_reply_count_hidden":0,"_bbp_forum_subforum_count":0,"footnotes":""},"categories":[10,4,5],"tags":[188],"class_list":["post-2406","post","type-post","status-publish","format-standard","hentry","category-2n","category-portada","category-primaria","tag-competencia-de-comeixement-del-medi"],"post_mailing_queue_ids":[],"_links":{"self":[{"href":"https:\/\/agora.xtec.cat\/escoladetermens\/wp-json\/wp\/v2\/posts\/2406","targetHints":{"allow":["GET"]}}],"collection":[{"href":"https:\/\/agora.xtec.cat\/escoladetermens\/wp-json\/wp\/v2\/posts"}],"about":[{"href":"https:\/\/agora.xtec.cat\/escoladetermens\/wp-json\/wp\/v2\/types\/post"}],"author":[{"embeddable":true,"href":"https:\/\/agora.xtec.cat\/escoladetermens\/wp-json\/wp\/v2\/users\/1"}],"replies":[{"embeddable":true,"href":"https:\/\/agora.xtec.cat\/escoladetermens\/wp-json\/wp\/v2\/comments?post=2406"}],"version-history":[{"count":1,"href":"https:\/\/agora.xtec.cat\/escoladetermens\/wp-json\/wp\/v2\/posts\/2406\/revisions"}],"predecessor-version":[{"id":2408,"href":"https:\/\/agora.xtec.cat\/escoladetermens\/wp-json\/wp\/v2\/posts\/2406\/revisions\/2408"}],"wp:attachment":[{"href":"https:\/\/agora.xtec.cat\/escoladetermens\/wp-json\/wp\/v2\/media?parent=2406"}],"wp:term":[{"taxonomy":"category","embeddable":true,"href":"https:\/\/agora.xtec.cat\/escoladetermens\/wp-json\/wp\/v2\/categories?post=2406"},{"taxonomy":"post_tag","embeddable":true,"href":"https:\/\/agora.xtec.cat\/escoladetermens\/wp-json\/wp\/v2\/tags?post=2406"}],"curies":[{"name":"wp","href":"https:\/\/api.w.org\/{rel}","templated":true}]}}