{"id":2361,"date":"2019-10-22T09:06:36","date_gmt":"2019-10-22T07:06:36","guid":{"rendered":"http:\/\/agora.xtec.cat\/escoladetermens\/?p=2361"},"modified":"2019-10-22T09:06:44","modified_gmt":"2019-10-22T07:06:44","slug":"oficis-el-camioner","status":"publish","type":"post","link":"https:\/\/agora.xtec.cat\/escoladetermens\/portada\/oficis-el-camioner\/","title":{"rendered":"OFICIS: EL CAMIONER"},"content":{"rendered":"<div class=\"adL\" dir=\"auto\">Ahir al mat\u00ed els nens i nenes de primer vam anar a veure com buidaven els contenidors de la brossa. El Jordi, el camioner del Consell Comarcal, ens ha deixat pujar al cami\u00f3 i la Teresa Alarc\u00f3, ens va explicat coses molt i interessants sobre on van a parar les escombraries i qu\u00e8 en fan.<\/div>\n<div dir=\"auto\">Per fer aquesta feina cal matinar molt, el Jordi t\u00e9 molta feina a fer!!<\/div>\n<div dir=\"auto\"><\/div>\n<div dir=\"auto\"><a href=\"https:\/\/agora.xtec.cat\/escoladetermens\/wp-content\/uploads\/usu1845\/2019\/10\/PhotoGrid_1571663935158.jpg\"><img loading=\"lazy\" decoding=\"async\" class=\"alignnone size-full wp-image-2362\" src=\"https:\/\/agora.xtec.cat\/escoladetermens\/wp-content\/uploads\/usu1845\/2019\/10\/PhotoGrid_1571663935158.jpg\" alt=\"\" width=\"1024\" height=\"1024\" srcset=\"https:\/\/agora.xtec.cat\/escoladetermens\/wp-content\/uploads\/usu1845\/2019\/10\/PhotoGrid_1571663935158.jpg 1024w, https:\/\/agora.xtec.cat\/escoladetermens\/wp-content\/uploads\/usu1845\/2019\/10\/PhotoGrid_1571663935158-150x150.jpg 150w, https:\/\/agora.xtec.cat\/escoladetermens\/wp-content\/uploads\/usu1845\/2019\/10\/PhotoGrid_1571663935158-300x300.jpg 300w, https:\/\/agora.xtec.cat\/escoladetermens\/wp-content\/uploads\/usu1845\/2019\/10\/PhotoGrid_1571663935158-768x768.jpg 768w\" sizes=\"auto, (max-width: 1024px) 100vw, 1024px\" \/><\/a><\/div>\n","protected":false},"excerpt":{"rendered":"<p>Ahir al mat\u00ed els nens i nenes de primer vam anar a veure com buidaven els contenidors de la brossa. El Jordi, el camioner del Consell Comarcal, ens ha deixat pujar al cami\u00f3 i la Teresa Alarc\u00f3, ens va explicat coses molt i interessants sobre&hellip;  <a href=\"https:\/\/agora.xtec.cat\/escoladetermens\/portada\/oficis-el-camioner\/\" title=\"Read OFICIS: EL CAMIONER\">Llegeix m\u00e9s\u00bb<\/a><\/p>\n","protected":false},"author":1,"featured_media":0,"comment_status":"open","ping_status":"closed","sticky":false,"template":"","format":"standard","meta":{"_bbp_topic_count":0,"_bbp_reply_count":0,"_bbp_total_topic_count":0,"_bbp_total_reply_count":0,"_bbp_voice_count":0,"_bbp_anonymous_reply_count":0,"_bbp_topic_count_hidden":0,"_bbp_reply_count_hidden":0,"_bbp_forum_subforum_count":0,"footnotes":""},"categories":[10,4,5],"tags":[188],"class_list":["post-2361","post","type-post","status-publish","format-standard","hentry","category-2n","category-portada","category-primaria","tag-competencia-de-comeixement-del-medi"],"post_mailing_queue_ids":[],"_links":{"self":[{"href":"https:\/\/agora.xtec.cat\/escoladetermens\/wp-json\/wp\/v2\/posts\/2361","targetHints":{"allow":["GET"]}}],"collection":[{"href":"https:\/\/agora.xtec.cat\/escoladetermens\/wp-json\/wp\/v2\/posts"}],"about":[{"href":"https:\/\/agora.xtec.cat\/escoladetermens\/wp-json\/wp\/v2\/types\/post"}],"author":[{"embeddable":true,"href":"https:\/\/agora.xtec.cat\/escoladetermens\/wp-json\/wp\/v2\/users\/1"}],"replies":[{"embeddable":true,"href":"https:\/\/agora.xtec.cat\/escoladetermens\/wp-json\/wp\/v2\/comments?post=2361"}],"version-history":[{"count":1,"href":"https:\/\/agora.xtec.cat\/escoladetermens\/wp-json\/wp\/v2\/posts\/2361\/revisions"}],"predecessor-version":[{"id":2363,"href":"https:\/\/agora.xtec.cat\/escoladetermens\/wp-json\/wp\/v2\/posts\/2361\/revisions\/2363"}],"wp:attachment":[{"href":"https:\/\/agora.xtec.cat\/escoladetermens\/wp-json\/wp\/v2\/media?parent=2361"}],"wp:term":[{"taxonomy":"category","embeddable":true,"href":"https:\/\/agora.xtec.cat\/escoladetermens\/wp-json\/wp\/v2\/categories?post=2361"},{"taxonomy":"post_tag","embeddable":true,"href":"https:\/\/agora.xtec.cat\/escoladetermens\/wp-json\/wp\/v2\/tags?post=2361"}],"curies":[{"name":"wp","href":"https:\/\/api.w.org\/{rel}","templated":true}]}}