{"id":2346,"date":"2019-10-21T09:04:50","date_gmt":"2019-10-21T07:04:50","guid":{"rendered":"http:\/\/agora.xtec.cat\/escoladetermens\/?p=2346"},"modified":"2019-10-21T09:05:27","modified_gmt":"2019-10-21T07:05:27","slug":"treballs-a-la-natura","status":"publish","type":"post","link":"https:\/\/agora.xtec.cat\/escoladetermens\/portada\/treballs-a-la-natura\/","title":{"rendered":"TREBALLS A LA NATURA"},"content":{"rendered":"<div dir=\"auto\">Dins el projecte Jo ser\u00e9, ser\u00e9&#8230;els nens i nenes de primer estem aprenent coses sobre els oficis relacionats amb la natura. El dijous, la Teresa Trib\u00f3, la mare del Mart\u00ed, ens va acompanyar a la granja de vedells del Josep Maria. All\u00ed ens va explicar quina \u00e9s la feina del granger i vam poder veure de ben aprop els vedells.<\/div>\n<div dir=\"auto\">Tota una experi\u00e8ncia!<\/div>\n<div dir=\"auto\">Gr\u00e0cies Teresa i Josep Maria.<\/div>\n<div dir=\"auto\"><\/div>\n<div dir=\"auto\"><a href=\"https:\/\/agora.xtec.cat\/escoladetermens\/wp-content\/uploads\/usu1845\/2019\/10\/PhotoGrid_1571392222051.jpg\"><img loading=\"lazy\" decoding=\"async\" class=\"alignnone size-full wp-image-2348\" src=\"https:\/\/agora.xtec.cat\/escoladetermens\/wp-content\/uploads\/usu1845\/2019\/10\/PhotoGrid_1571392222051.jpg\" alt=\"\" width=\"1024\" height=\"1024\" srcset=\"https:\/\/agora.xtec.cat\/escoladetermens\/wp-content\/uploads\/usu1845\/2019\/10\/PhotoGrid_1571392222051.jpg 1024w, https:\/\/agora.xtec.cat\/escoladetermens\/wp-content\/uploads\/usu1845\/2019\/10\/PhotoGrid_1571392222051-150x150.jpg 150w, https:\/\/agora.xtec.cat\/escoladetermens\/wp-content\/uploads\/usu1845\/2019\/10\/PhotoGrid_1571392222051-300x300.jpg 300w, https:\/\/agora.xtec.cat\/escoladetermens\/wp-content\/uploads\/usu1845\/2019\/10\/PhotoGrid_1571392222051-768x768.jpg 768w\" sizes=\"auto, (max-width: 1024px) 100vw, 1024px\" \/><\/a><\/div>\n","protected":false},"excerpt":{"rendered":"<p>Dins el projecte Jo ser\u00e9, ser\u00e9&#8230;els nens i nenes de primer estem aprenent coses sobre els oficis relacionats amb la natura. El dijous, la Teresa Trib\u00f3, la mare del Mart\u00ed, ens va acompanyar a la granja de vedells del Josep Maria. All\u00ed ens va explicar&hellip;  <a href=\"https:\/\/agora.xtec.cat\/escoladetermens\/portada\/treballs-a-la-natura\/\" title=\"Read TREBALLS A LA NATURA\">Llegeix m\u00e9s\u00bb<\/a><\/p>\n","protected":false},"author":1,"featured_media":0,"comment_status":"open","ping_status":"closed","sticky":false,"template":"","format":"standard","meta":{"_bbp_topic_count":0,"_bbp_reply_count":0,"_bbp_total_topic_count":0,"_bbp_total_reply_count":0,"_bbp_voice_count":0,"_bbp_anonymous_reply_count":0,"_bbp_topic_count_hidden":0,"_bbp_reply_count_hidden":0,"_bbp_forum_subforum_count":0,"footnotes":""},"categories":[10,4,5],"tags":[188],"class_list":["post-2346","post","type-post","status-publish","format-standard","hentry","category-2n","category-portada","category-primaria","tag-competencia-de-comeixement-del-medi"],"post_mailing_queue_ids":[],"_links":{"self":[{"href":"https:\/\/agora.xtec.cat\/escoladetermens\/wp-json\/wp\/v2\/posts\/2346","targetHints":{"allow":["GET"]}}],"collection":[{"href":"https:\/\/agora.xtec.cat\/escoladetermens\/wp-json\/wp\/v2\/posts"}],"about":[{"href":"https:\/\/agora.xtec.cat\/escoladetermens\/wp-json\/wp\/v2\/types\/post"}],"author":[{"embeddable":true,"href":"https:\/\/agora.xtec.cat\/escoladetermens\/wp-json\/wp\/v2\/users\/1"}],"replies":[{"embeddable":true,"href":"https:\/\/agora.xtec.cat\/escoladetermens\/wp-json\/wp\/v2\/comments?post=2346"}],"version-history":[{"count":1,"href":"https:\/\/agora.xtec.cat\/escoladetermens\/wp-json\/wp\/v2\/posts\/2346\/revisions"}],"predecessor-version":[{"id":2349,"href":"https:\/\/agora.xtec.cat\/escoladetermens\/wp-json\/wp\/v2\/posts\/2346\/revisions\/2349"}],"wp:attachment":[{"href":"https:\/\/agora.xtec.cat\/escoladetermens\/wp-json\/wp\/v2\/media?parent=2346"}],"wp:term":[{"taxonomy":"category","embeddable":true,"href":"https:\/\/agora.xtec.cat\/escoladetermens\/wp-json\/wp\/v2\/categories?post=2346"},{"taxonomy":"post_tag","embeddable":true,"href":"https:\/\/agora.xtec.cat\/escoladetermens\/wp-json\/wp\/v2\/tags?post=2346"}],"curies":[{"name":"wp","href":"https:\/\/api.w.org\/{rel}","templated":true}]}}