{"id":2317,"date":"2019-10-14T09:33:48","date_gmt":"2019-10-14T07:33:48","guid":{"rendered":"http:\/\/agora.xtec.cat\/escoladetermens\/?p=2317"},"modified":"2019-10-14T09:33:48","modified_gmt":"2019-10-14T07:33:48","slug":"reunio-de-pares","status":"publish","type":"post","link":"https:\/\/agora.xtec.cat\/escoladetermens\/general\/reunio-de-pares\/","title":{"rendered":"REUNI\u00d3 DE PARES"},"content":{"rendered":"<p>Dijous passat vam fer la reuni\u00f3 de pares. Un dia on les fam\u00edlies i les mestres ens trobem per intercanviar informacions i aclarir dubtes.<\/p>\n<p>I aquest any hem tingut la sort d&#8217;escoltar una petita xerrada a c\u00e0rrec de la Laura Gasol, especialista en educaci\u00f3 emocional, que tant a pares com a mestres ens ha fet reflexionar.<\/p>\n<p><a href=\"https:\/\/agora.xtec.cat\/escoladetermens\/wp-content\/uploads\/usu1845\/2019\/10\/LAURA-GASOL.jpg\"><img loading=\"lazy\" decoding=\"async\" class=\"alignnone size-large wp-image-2318\" src=\"https:\/\/agora.xtec.cat\/escoladetermens\/wp-content\/uploads\/usu1845\/2019\/10\/LAURA-GASOL-1024x576.jpg\" alt=\"\" width=\"1024\" height=\"576\" srcset=\"https:\/\/agora.xtec.cat\/escoladetermens\/wp-content\/uploads\/usu1845\/2019\/10\/LAURA-GASOL-1024x576.jpg 1024w, https:\/\/agora.xtec.cat\/escoladetermens\/wp-content\/uploads\/usu1845\/2019\/10\/LAURA-GASOL-300x169.jpg 300w, https:\/\/agora.xtec.cat\/escoladetermens\/wp-content\/uploads\/usu1845\/2019\/10\/LAURA-GASOL-768x432.jpg 768w\" sizes=\"auto, (max-width: 1024px) 100vw, 1024px\" \/><\/a><\/p>\n","protected":false},"excerpt":{"rendered":"<p>Dijous passat vam fer la reuni\u00f3 de pares. Un dia on les fam\u00edlies i les mestres ens trobem per intercanviar informacions i aclarir dubtes.<br \/>\nI aquest any hem tingut la sort d&#8217;escoltar una petita xerrada a c\u00e0rrec de la Laura Gasol, especialista en educaci\u00f3 emocional, que&hellip;  <a href=\"https:\/\/agora.xtec.cat\/escoladetermens\/general\/reunio-de-pares\/\" title=\"Read REUNI\u00d3 DE PARES\">Llegeix m\u00e9s\u00bb<\/a><\/p>\n","protected":false},"author":1,"featured_media":0,"comment_status":"open","ping_status":"closed","sticky":false,"template":"","format":"standard","meta":{"_bbp_topic_count":0,"_bbp_reply_count":0,"_bbp_total_topic_count":0,"_bbp_total_reply_count":0,"_bbp_voice_count":0,"_bbp_anonymous_reply_count":0,"_bbp_topic_count_hidden":0,"_bbp_reply_count_hidden":0,"_bbp_forum_subforum_count":0,"footnotes":""},"categories":[1,4],"tags":[74],"class_list":["post-2317","post","type-post","status-publish","format-standard","hentry","category-general","category-portada","tag-ed-emocional"],"post_mailing_queue_ids":[],"_links":{"self":[{"href":"https:\/\/agora.xtec.cat\/escoladetermens\/wp-json\/wp\/v2\/posts\/2317","targetHints":{"allow":["GET"]}}],"collection":[{"href":"https:\/\/agora.xtec.cat\/escoladetermens\/wp-json\/wp\/v2\/posts"}],"about":[{"href":"https:\/\/agora.xtec.cat\/escoladetermens\/wp-json\/wp\/v2\/types\/post"}],"author":[{"embeddable":true,"href":"https:\/\/agora.xtec.cat\/escoladetermens\/wp-json\/wp\/v2\/users\/1"}],"replies":[{"embeddable":true,"href":"https:\/\/agora.xtec.cat\/escoladetermens\/wp-json\/wp\/v2\/comments?post=2317"}],"version-history":[{"count":1,"href":"https:\/\/agora.xtec.cat\/escoladetermens\/wp-json\/wp\/v2\/posts\/2317\/revisions"}],"predecessor-version":[{"id":2319,"href":"https:\/\/agora.xtec.cat\/escoladetermens\/wp-json\/wp\/v2\/posts\/2317\/revisions\/2319"}],"wp:attachment":[{"href":"https:\/\/agora.xtec.cat\/escoladetermens\/wp-json\/wp\/v2\/media?parent=2317"}],"wp:term":[{"taxonomy":"category","embeddable":true,"href":"https:\/\/agora.xtec.cat\/escoladetermens\/wp-json\/wp\/v2\/categories?post=2317"},{"taxonomy":"post_tag","embeddable":true,"href":"https:\/\/agora.xtec.cat\/escoladetermens\/wp-json\/wp\/v2\/tags?post=2317"}],"curies":[{"name":"wp","href":"https:\/\/api.w.org\/{rel}","templated":true}]}}