{"id":2284,"date":"2019-10-07T11:54:18","date_gmt":"2019-10-07T09:54:18","guid":{"rendered":"http:\/\/agora.xtec.cat\/escoladetermens\/?p=2284"},"modified":"2019-10-07T11:54:18","modified_gmt":"2019-10-07T09:54:18","slug":"radio-conversa-4","status":"publish","type":"post","link":"https:\/\/agora.xtec.cat\/escoladetermens\/portada\/radio-conversa-4\/","title":{"rendered":"R\u00c0DIO CONVERSA"},"content":{"rendered":"<p>Avui el Jan i la Iris han vingut a parlar de la import\u00e0ncia de la m\u00fasica per a ells, i l&#8217;Aleix i el Pep han argumentat sobre veure pel\u00b7l\u00edcules al cinema o a casa.<\/p>\n<p>Nom\u00e9s tenim un petit fragmnet enregistrat, la taula de so s&#8217;ha desconnectat mentre erem dins parlant i ha deixat d&#8217;enregistrar. Lamentem els inconvenients.<\/p>\n<p>Per\u00f2 tamb\u00e9 tenim una bona not\u00edcia: avui ens desmonten l&#8217;aula i estrenarem una taula de so nova!!<\/p>\n<p>https:\/\/soundcloud.com\/user-417716096\/7-doctubre-conversa\/s-KOGC0<\/p>\n","protected":false},"excerpt":{"rendered":"<p>Avui el Jan i la Iris han vingut a parlar de la import\u00e0ncia de la m\u00fasica per a ells, i l&#8217;Aleix i el Pep han argumentat sobre veure pel\u00b7l\u00edcules al cinema o a casa.<br \/>\nNom\u00e9s tenim un petit fragmnet enregistrat, la taula de so s&#8217;ha desconnectat&hellip;  <a href=\"https:\/\/agora.xtec.cat\/escoladetermens\/portada\/radio-conversa-4\/\" title=\"Read R\u00c0DIO CONVERSA\">Llegeix m\u00e9s\u00bb<\/a><\/p>\n","protected":false},"author":1,"featured_media":0,"comment_status":"open","ping_status":"closed","sticky":false,"template":"","format":"standard","meta":{"_bbp_topic_count":0,"_bbp_reply_count":0,"_bbp_total_topic_count":0,"_bbp_total_reply_count":0,"_bbp_voice_count":0,"_bbp_anonymous_reply_count":0,"_bbp_topic_count_hidden":0,"_bbp_reply_count_hidden":0,"_bbp_forum_subforum_count":0,"footnotes":""},"categories":[14,15,108,4,5],"tags":[195],"class_list":["post-2284","post","type-post","status-publish","format-standard","hentry","category-5e","category-6e","category-aula-carles-capdevila","category-portada","category-primaria","tag-radio-conversa"],"post_mailing_queue_ids":[],"_links":{"self":[{"href":"https:\/\/agora.xtec.cat\/escoladetermens\/wp-json\/wp\/v2\/posts\/2284","targetHints":{"allow":["GET"]}}],"collection":[{"href":"https:\/\/agora.xtec.cat\/escoladetermens\/wp-json\/wp\/v2\/posts"}],"about":[{"href":"https:\/\/agora.xtec.cat\/escoladetermens\/wp-json\/wp\/v2\/types\/post"}],"author":[{"embeddable":true,"href":"https:\/\/agora.xtec.cat\/escoladetermens\/wp-json\/wp\/v2\/users\/1"}],"replies":[{"embeddable":true,"href":"https:\/\/agora.xtec.cat\/escoladetermens\/wp-json\/wp\/v2\/comments?post=2284"}],"version-history":[{"count":1,"href":"https:\/\/agora.xtec.cat\/escoladetermens\/wp-json\/wp\/v2\/posts\/2284\/revisions"}],"predecessor-version":[{"id":2285,"href":"https:\/\/agora.xtec.cat\/escoladetermens\/wp-json\/wp\/v2\/posts\/2284\/revisions\/2285"}],"wp:attachment":[{"href":"https:\/\/agora.xtec.cat\/escoladetermens\/wp-json\/wp\/v2\/media?parent=2284"}],"wp:term":[{"taxonomy":"category","embeddable":true,"href":"https:\/\/agora.xtec.cat\/escoladetermens\/wp-json\/wp\/v2\/categories?post=2284"},{"taxonomy":"post_tag","embeddable":true,"href":"https:\/\/agora.xtec.cat\/escoladetermens\/wp-json\/wp\/v2\/tags?post=2284"}],"curies":[{"name":"wp","href":"https:\/\/api.w.org\/{rel}","templated":true}]}}