{"id":2142,"date":"2019-06-19T12:00:34","date_gmt":"2019-06-19T10:00:34","guid":{"rendered":"http:\/\/agora.xtec.cat\/escoladetermens\/?p=2142"},"modified":"2019-06-19T12:01:07","modified_gmt":"2019-06-19T10:01:07","slug":"ultim-programa-del-curs","status":"publish","type":"post","link":"https:\/\/agora.xtec.cat\/escoladetermens\/infantil\/ultim-programa-del-curs\/","title":{"rendered":"\u00daLTIM PROGRAMA DEL CURS!"},"content":{"rendered":"<p>Avui els alumnes de 4t s&#8217;han acomidat a la r\u00e0dio, ja que \u00e9s el seu \u00faltim programa com a DJ i locutors.<\/p>\n<p>El programa l&#8217;hav\u00edem d&#8217;haver fet el divendres per\u00f2 la consola es va espatllar. Sort que ho vam poder arreglar!!<\/p>\n<p>Ja veureu que en aquest programa han volgut participar tots ja sigui com a locutors o com a DJ.<\/p>\n<p>https:\/\/soundcloud.com\/user-417716096\/ultim-programa-radio-19-juny\/s-Cz7z1<\/p>\n","protected":false},"excerpt":{"rendered":"<p>Avui els alumnes de 4t s&#8217;han acomidat a la r\u00e0dio, ja que \u00e9s el seu \u00faltim programa com a DJ i locutors.<br \/>\nEl programa l&#8217;hav\u00edem d&#8217;haver fet el divendres per\u00f2 la consola es va espatllar. Sort que ho vam poder arreglar!!<br \/>\nJa veureu que en aquest programa&hellip;  <a href=\"https:\/\/agora.xtec.cat\/escoladetermens\/infantil\/ultim-programa-del-curs\/\" title=\"Read \u00daLTIM PROGRAMA DEL CURS!\">Llegeix m\u00e9s\u00bb<\/a><\/p>\n","protected":false},"author":1,"featured_media":0,"comment_status":"open","ping_status":"closed","sticky":false,"template":"","format":"standard","meta":{"_bbp_topic_count":0,"_bbp_reply_count":0,"_bbp_total_topic_count":0,"_bbp_total_reply_count":0,"_bbp_voice_count":0,"_bbp_anonymous_reply_count":0,"_bbp_topic_count_hidden":0,"_bbp_reply_count_hidden":0,"_bbp_forum_subforum_count":0,"footnotes":""},"categories":[10,11,12,14,15,108,9,2,4,5],"tags":[133],"class_list":["post-2142","post","type-post","status-publish","format-standard","hentry","category-2n","category-3r","category-4t","category-5e","category-6e","category-aula-carles-capdevila","category-i5","category-infantil","category-portada","category-primaria","tag-radio-piruli"],"post_mailing_queue_ids":[],"_links":{"self":[{"href":"https:\/\/agora.xtec.cat\/escoladetermens\/wp-json\/wp\/v2\/posts\/2142","targetHints":{"allow":["GET"]}}],"collection":[{"href":"https:\/\/agora.xtec.cat\/escoladetermens\/wp-json\/wp\/v2\/posts"}],"about":[{"href":"https:\/\/agora.xtec.cat\/escoladetermens\/wp-json\/wp\/v2\/types\/post"}],"author":[{"embeddable":true,"href":"https:\/\/agora.xtec.cat\/escoladetermens\/wp-json\/wp\/v2\/users\/1"}],"replies":[{"embeddable":true,"href":"https:\/\/agora.xtec.cat\/escoladetermens\/wp-json\/wp\/v2\/comments?post=2142"}],"version-history":[{"count":2,"href":"https:\/\/agora.xtec.cat\/escoladetermens\/wp-json\/wp\/v2\/posts\/2142\/revisions"}],"predecessor-version":[{"id":2144,"href":"https:\/\/agora.xtec.cat\/escoladetermens\/wp-json\/wp\/v2\/posts\/2142\/revisions\/2144"}],"wp:attachment":[{"href":"https:\/\/agora.xtec.cat\/escoladetermens\/wp-json\/wp\/v2\/media?parent=2142"}],"wp:term":[{"taxonomy":"category","embeddable":true,"href":"https:\/\/agora.xtec.cat\/escoladetermens\/wp-json\/wp\/v2\/categories?post=2142"},{"taxonomy":"post_tag","embeddable":true,"href":"https:\/\/agora.xtec.cat\/escoladetermens\/wp-json\/wp\/v2\/tags?post=2142"}],"curies":[{"name":"wp","href":"https:\/\/api.w.org\/{rel}","templated":true}]}}